{"id":133,"date":"2018-11-30T07:26:13","date_gmt":"2018-11-30T05:26:13","guid":{"rendered":"http:\/\/wpkoi.com\/asagi\/?p=109"},"modified":"2019-06-13T16:16:07","modified_gmt":"2019-06-13T14:16:07","slug":"kerti-konyha-tervektol-a-megvalositasig-1-resz","status":"publish","type":"post","link":"https:\/\/www.kalyhaslaci.hu\/site\/kerti-konyha-tervektol-a-megvalositasig-1-resz\/","title":{"rendered":"Kerti konyha tervekt\u0151l a megval\u00f3s\u00edt\u00e1sig (1. r\u00e9sz)"},"content":{"rendered":"\t\t<div data-elementor-type=\"wp-post\" data-elementor-id=\"133\" class=\"elementor elementor-133\" data-elementor-settings=\"[]\">\n\t\t\t\t\t\t<div class=\"elementor-inner\">\n\t\t\t\t\t\t\t<div class=\"elementor-section-wrap\">\n\t\t\t\t\t\t\t<section class=\"elementor-section elementor-top-section elementor-element elementor-element-4254d771 elementor-section-boxed elementor-section-height-default elementor-section-height-default\" data-id=\"4254d771\" data-element_type=\"section\">\n\t\t\t\t\t\t<div class=\"elementor-container elementor-column-gap-default\">\n\t\t\t\t\t\t\t<div class=\"elementor-row\">\n\t\t\t\t\t<div class=\"elementor-column elementor-col-100 elementor-top-column elementor-element elementor-element-cc9110c\" data-id=\"cc9110c\" data-element_type=\"column\">\n\t\t\t<div class=\"elementor-column-wrap elementor-element-populated\">\n\t\t\t\t\t\t\t<div class=\"elementor-widget-wrap\">\n\t\t\t\t\t\t<div class=\"elementor-element elementor-element-32be61e9 elementor-widget elementor-widget-text-editor\" data-id=\"32be61e9\" data-element_type=\"widget\" data-widget_type=\"text-editor.default\">\n\t\t\t\t<div class=\"elementor-widget-container\">\n\t\t\t\t\t\t\t\t<div class=\"elementor-text-editor elementor-clearfix\">\n\t\t\t\t\t<center><p>\u00cdg\u00e9ret\u00fcnkh\u00f6z h\u00edven elkezdj\u00fck a kerti konyha <strong>tervekt\u0151l a megval\u00f3s\u00edt\u00e1sig<\/strong> c\u00edm\u0171 blog k\u00f6zl\u00e9s\u00e9t. \u00cdme az els\u0151 r\u00e9sz, melyben az alap \u00e9s a kezd\u0151 sorok kialak\u00edt\u00e1s\u00e1t mutatjuk be k\u00e9pekben. Mik\u00e9nt is alakult a kerti konyha projekt\u00fcnk.<\/p>\n<h3>A hossz\u00fa t\u00e9li est\u00e9ken, elgondolkodhatnak a szabadban f\u0151zni, s\u00fctni kedvel\u0151k, hogy a tavaszra kinek \u00e9p\u00edthet\u00fcnk egy szabadt\u00e9ri kerti konyh\u00e1t.<\/h3>\n<h4>Amit most bemutattunk, ez egy komplett kerti konyha, mosogat\u00f3val, grillez\u0151vel, sparhelttel, b\u00fabos kemenc\u00e9vel, \u00e9s t\u00e1rol\u00f3 szekr\u00e9nnyel.\n<strong>Term\u00e9szetesen mindenki a saj\u00e1t ig\u00e9nyeinek megfelel\u0151en m\u00f3dos\u00edthatja a terv\u00e9t, mi megval\u00f3s\u00edtjuk a kisebb \u00e9s nagyobb \u00e9p\u00edtm\u00e9nyeket is.<\/strong><\/h4>\n<\/center>\t\t\t\t\t<\/div>\n\t\t\t\t\t\t<\/div>\n\t\t\t\t<\/div>\n\t\t\t\t\t\t<\/div>\n\t\t\t\t\t<\/div>\n\t\t<\/div>\n\t\t\t\t\t\t\t\t<\/div>\n\t\t\t\t\t<\/div>\n\t\t<\/section>\n\t\t\t\t<section class=\"elementor-section elementor-top-section elementor-element elementor-element-e8741ba elementor-section-boxed elementor-section-height-default elementor-section-height-default\" data-id=\"e8741ba\" data-element_type=\"section\">\n\t\t\t\t\t\t<div class=\"elementor-container elementor-column-gap-default\">\n\t\t\t\t\t\t\t<div class=\"elementor-row\">\n\t\t\t\t\t<div class=\"elementor-column elementor-col-100 elementor-top-column elementor-element elementor-element-ae93c9c\" data-id=\"ae93c9c\" data-element_type=\"column\">\n\t\t\t<div class=\"elementor-column-wrap elementor-element-populated\">\n\t\t\t\t\t\t\t<div class=\"elementor-widget-wrap\">\n\t\t\t\t\t\t<div class=\"elementor-element elementor-element-a16f51a elementor-widget elementor-widget-image-gallery\" data-id=\"a16f51a\" data-element_type=\"widget\" data-widget_type=\"image-gallery.default\">\n\t\t\t\t<div class=\"elementor-widget-container\">\n\t\t\t\t\t<div class=\"elementor-image-gallery\">\n\t\t\t\n\t\t<style type=\"text\/css\">\n\t\t\t#gallery-1 {\n\t\t\t\tmargin: auto;\n\t\t\t}\n\t\t\t#gallery-1 .gallery-item {\n\t\t\t\tfloat: left;\n\t\t\t\tmargin-top: 10px;\n\t\t\t\ttext-align: center;\n\t\t\t\twidth: 25%;\n\t\t\t}\n\t\t\t#gallery-1 img {\n\t\t\t\tborder: 2px solid #cfcfcf;\n\t\t\t}\n\t\t\t#gallery-1 .gallery-caption {\n\t\t\t\tmargin-left: 0;\n\t\t\t}\n\t\t\t\/* see gallery_shortcode() in wp-includes\/media.php *\/\n\t\t<\/style>\n\t\t<div id='gallery-1' class='gallery galleryid-133 gallery-columns-4 gallery-size-shop_catalog'><dl class='gallery-item'>\n\t\t\t<dt class='gallery-icon landscape'>\n\t\t\t\t<a data-elementor-open-lightbox=\"yes\" data-elementor-lightbox-slideshow=\"a16f51a\" data-elementor-lightbox-title=\"kalyhaslaci.hu-Kerti-konyha-tervezes-kivitelezes-30\" data-rel=\"iLightbox[postimages]\" data-title=\"kalyhaslaci.hu-Kerti-konyha-tervezes-kivitelezes-30\" data-caption=\"kalyhaslaci.hu \u2013 kerti konyha projekt\" href='https:\/\/www.kalyhaslaci.hu\/site\/wp-content\/uploads\/2018\/06\/kalyhaslaci.hu-Kerti-konyha-tervezes-kivitelezes-30.jpg'><img width=\"300\" height=\"300\" src=\"https:\/\/www.kalyhaslaci.hu\/site\/wp-content\/uploads\/2018\/06\/kalyhaslaci.hu-Kerti-konyha-tervezes-kivitelezes-30-300x300.jpg\" class=\"attachment-shop_catalog size-shop_catalog lazyload\" alt=\"\" aria-describedby=\"gallery-1-5048\" srcset=\"data:image\/svg+xml,%3Csvg%20xmlns%3D%27http%3A%2F%2Fwww.w3.org%2F2000%2Fsvg%27%20width%3D%27960%27%20height%3D%27720%27%20viewBox%3D%270%200%20960%20720%27%3E%3Crect%20width%3D%27960%27%20height%3D%273720%27%20fill-opacity%3D%220%22%2F%3E%3C%2Fsvg%3E\" data-orig-src=\"https:\/\/www.kalyhaslaci.hu\/site\/wp-content\/uploads\/2018\/06\/kalyhaslaci.hu-Kerti-konyha-tervezes-kivitelezes-30-300x300.jpg\" data-srcset=\"https:\/\/www.kalyhaslaci.hu\/site\/wp-content\/uploads\/2018\/06\/kalyhaslaci.hu-Kerti-konyha-tervezes-kivitelezes-30-100x100.jpg 100w, https:\/\/www.kalyhaslaci.hu\/site\/wp-content\/uploads\/2018\/06\/kalyhaslaci.hu-Kerti-konyha-tervezes-kivitelezes-30-150x150.jpg 150w, https:\/\/www.kalyhaslaci.hu\/site\/wp-content\/uploads\/2018\/06\/kalyhaslaci.hu-Kerti-konyha-tervezes-kivitelezes-30-300x300.jpg 300w\" data-sizes=\"auto\" \/><\/a>\n\t\t\t<\/dt>\n\t\t\t\t<dd class='wp-caption-text gallery-caption' id='gallery-1-5048'>\n\t\t\t\tkalyhaslaci.hu \u2013 kerti konyha projekt\n\t\t\t\t<\/dd><\/dl><dl class='gallery-item'>\n\t\t\t<dt class='gallery-icon portrait'>\n\t\t\t\t<a data-elementor-open-lightbox=\"yes\" data-elementor-lightbox-slideshow=\"a16f51a\" data-elementor-lightbox-title=\"kalyhaslaci.hu-Kerti-konyha-tervezes-kivitelezes-31\" data-rel=\"iLightbox[postimages]\" data-title=\"kalyhaslaci.hu-Kerti-konyha-tervezes-kivitelezes-31\" data-caption=\"kalyhaslaci.hu \u2013 kerti konyha projekt\" href='https:\/\/www.kalyhaslaci.hu\/site\/wp-content\/uploads\/2018\/06\/kalyhaslaci.hu-Kerti-konyha-tervezes-kivitelezes-31.jpg'><img width=\"300\" height=\"300\" src=\"https:\/\/www.kalyhaslaci.hu\/site\/wp-content\/uploads\/2018\/06\/kalyhaslaci.hu-Kerti-konyha-tervezes-kivitelezes-31-300x300.jpg\" class=\"attachment-shop_catalog size-shop_catalog lazyload\" alt=\"\" aria-describedby=\"gallery-1-5049\" srcset=\"data:image\/svg+xml,%3Csvg%20xmlns%3D%27http%3A%2F%2Fwww.w3.org%2F2000%2Fsvg%27%20width%3D%27718%27%20height%3D%27960%27%20viewBox%3D%270%200%20718%20960%27%3E%3Crect%20width%3D%27718%27%20height%3D%273960%27%20fill-opacity%3D%220%22%2F%3E%3C%2Fsvg%3E\" data-orig-src=\"https:\/\/www.kalyhaslaci.hu\/site\/wp-content\/uploads\/2018\/06\/kalyhaslaci.hu-Kerti-konyha-tervezes-kivitelezes-31-300x300.jpg\" data-srcset=\"https:\/\/www.kalyhaslaci.hu\/site\/wp-content\/uploads\/2018\/06\/kalyhaslaci.hu-Kerti-konyha-tervezes-kivitelezes-31-100x100.jpg 100w, https:\/\/www.kalyhaslaci.hu\/site\/wp-content\/uploads\/2018\/06\/kalyhaslaci.hu-Kerti-konyha-tervezes-kivitelezes-31-150x150.jpg 150w, https:\/\/www.kalyhaslaci.hu\/site\/wp-content\/uploads\/2018\/06\/kalyhaslaci.hu-Kerti-konyha-tervezes-kivitelezes-31-300x300.jpg 300w\" data-sizes=\"auto\" \/><\/a>\n\t\t\t<\/dt>\n\t\t\t\t<dd class='wp-caption-text gallery-caption' id='gallery-1-5049'>\n\t\t\t\tkalyhaslaci.hu \u2013 kerti konyha projekt\n\t\t\t\t<\/dd><\/dl><dl class='gallery-item'>\n\t\t\t<dt class='gallery-icon landscape'>\n\t\t\t\t<a data-elementor-open-lightbox=\"yes\" data-elementor-lightbox-slideshow=\"a16f51a\" data-elementor-lightbox-title=\"kalyhaslaci.hu-Kerti-konyha-tervezes-kivitelezes-32\" data-rel=\"iLightbox[postimages]\" data-title=\"kalyhaslaci.hu-Kerti-konyha-tervezes-kivitelezes-32\" data-caption=\"kalyhaslaci.hu \u2013 kerti konyha projekt\" href='https:\/\/www.kalyhaslaci.hu\/site\/wp-content\/uploads\/2018\/06\/kalyhaslaci.hu-Kerti-konyha-tervezes-kivitelezes-32.jpg'><img width=\"300\" height=\"300\" src=\"https:\/\/www.kalyhaslaci.hu\/site\/wp-content\/uploads\/2018\/06\/kalyhaslaci.hu-Kerti-konyha-tervezes-kivitelezes-32-300x300.jpg\" class=\"attachment-shop_catalog size-shop_catalog lazyload\" alt=\"\" aria-describedby=\"gallery-1-5050\" srcset=\"data:image\/svg+xml,%3Csvg%20xmlns%3D%27http%3A%2F%2Fwww.w3.org%2F2000%2Fsvg%27%20width%3D%27960%27%20height%3D%27720%27%20viewBox%3D%270%200%20960%20720%27%3E%3Crect%20width%3D%27960%27%20height%3D%273720%27%20fill-opacity%3D%220%22%2F%3E%3C%2Fsvg%3E\" data-orig-src=\"https:\/\/www.kalyhaslaci.hu\/site\/wp-content\/uploads\/2018\/06\/kalyhaslaci.hu-Kerti-konyha-tervezes-kivitelezes-32-300x300.jpg\" data-srcset=\"https:\/\/www.kalyhaslaci.hu\/site\/wp-content\/uploads\/2018\/06\/kalyhaslaci.hu-Kerti-konyha-tervezes-kivitelezes-32-100x100.jpg 100w, https:\/\/www.kalyhaslaci.hu\/site\/wp-content\/uploads\/2018\/06\/kalyhaslaci.hu-Kerti-konyha-tervezes-kivitelezes-32-150x150.jpg 150w, https:\/\/www.kalyhaslaci.hu\/site\/wp-content\/uploads\/2018\/06\/kalyhaslaci.hu-Kerti-konyha-tervezes-kivitelezes-32-300x300.jpg 300w\" data-sizes=\"auto\" \/><\/a>\n\t\t\t<\/dt>\n\t\t\t\t<dd class='wp-caption-text gallery-caption' id='gallery-1-5050'>\n\t\t\t\tkalyhaslaci.hu \u2013 kerti konyha projekt\n\t\t\t\t<\/dd><\/dl><dl class='gallery-item'>\n\t\t\t<dt class='gallery-icon landscape'>\n\t\t\t\t<a data-elementor-open-lightbox=\"yes\" data-elementor-lightbox-slideshow=\"a16f51a\" data-elementor-lightbox-title=\"kalyhaslaci.hu-Kerti-konyha-tervezes-kivitelezes-33\" data-rel=\"iLightbox[postimages]\" data-title=\"kalyhaslaci.hu-Kerti-konyha-tervezes-kivitelezes-33\" data-caption=\"kalyhaslaci.hu \u2013 kerti konyha projekt\" href='https:\/\/www.kalyhaslaci.hu\/site\/wp-content\/uploads\/2018\/06\/kalyhaslaci.hu-Kerti-konyha-tervezes-kivitelezes-33.jpg'><img width=\"300\" height=\"300\" src=\"https:\/\/www.kalyhaslaci.hu\/site\/wp-content\/uploads\/2018\/06\/kalyhaslaci.hu-Kerti-konyha-tervezes-kivitelezes-33-300x300.jpg\" class=\"attachment-shop_catalog size-shop_catalog lazyload\" alt=\"\" aria-describedby=\"gallery-1-5051\" srcset=\"data:image\/svg+xml,%3Csvg%20xmlns%3D%27http%3A%2F%2Fwww.w3.org%2F2000%2Fsvg%27%20width%3D%27960%27%20height%3D%27720%27%20viewBox%3D%270%200%20960%20720%27%3E%3Crect%20width%3D%27960%27%20height%3D%273720%27%20fill-opacity%3D%220%22%2F%3E%3C%2Fsvg%3E\" data-orig-src=\"https:\/\/www.kalyhaslaci.hu\/site\/wp-content\/uploads\/2018\/06\/kalyhaslaci.hu-Kerti-konyha-tervezes-kivitelezes-33-300x300.jpg\" data-srcset=\"https:\/\/www.kalyhaslaci.hu\/site\/wp-content\/uploads\/2018\/06\/kalyhaslaci.hu-Kerti-konyha-tervezes-kivitelezes-33-100x100.jpg 100w, https:\/\/www.kalyhaslaci.hu\/site\/wp-content\/uploads\/2018\/06\/kalyhaslaci.hu-Kerti-konyha-tervezes-kivitelezes-33-150x150.jpg 150w, https:\/\/www.kalyhaslaci.hu\/site\/wp-content\/uploads\/2018\/06\/kalyhaslaci.hu-Kerti-konyha-tervezes-kivitelezes-33-300x300.jpg 300w\" data-sizes=\"auto\" \/><\/a>\n\t\t\t<\/dt>\n\t\t\t\t<dd class='wp-caption-text gallery-caption' id='gallery-1-5051'>\n\t\t\t\tkalyhaslaci.hu \u2013 kerti konyha projekt\n\t\t\t\t<\/dd><\/dl><br style=\"clear: both\" \/><dl class='gallery-item'>\n\t\t\t<dt class='gallery-icon portrait'>\n\t\t\t\t<a data-elementor-open-lightbox=\"yes\" data-elementor-lightbox-slideshow=\"a16f51a\" data-elementor-lightbox-title=\"kalyhaslaci.hu-Kerti-konyha-tervezes-kivitelezes-34\" data-rel=\"iLightbox[postimages]\" data-title=\"kalyhaslaci.hu-Kerti-konyha-tervezes-kivitelezes-34\" data-caption=\"kalyhaslaci.hu \u2013 kerti konyha projekt\" href='https:\/\/www.kalyhaslaci.hu\/site\/wp-content\/uploads\/2018\/06\/kalyhaslaci.hu-Kerti-konyha-tervezes-kivitelezes-34.jpg'><img width=\"300\" height=\"300\" src=\"https:\/\/www.kalyhaslaci.hu\/site\/wp-content\/uploads\/2018\/06\/kalyhaslaci.hu-Kerti-konyha-tervezes-kivitelezes-34-300x300.jpg\" class=\"attachment-shop_catalog size-shop_catalog lazyload\" alt=\"\" aria-describedby=\"gallery-1-5052\" srcset=\"data:image\/svg+xml,%3Csvg%20xmlns%3D%27http%3A%2F%2Fwww.w3.org%2F2000%2Fsvg%27%20width%3D%27718%27%20height%3D%27960%27%20viewBox%3D%270%200%20718%20960%27%3E%3Crect%20width%3D%27718%27%20height%3D%273960%27%20fill-opacity%3D%220%22%2F%3E%3C%2Fsvg%3E\" data-orig-src=\"https:\/\/www.kalyhaslaci.hu\/site\/wp-content\/uploads\/2018\/06\/kalyhaslaci.hu-Kerti-konyha-tervezes-kivitelezes-34-300x300.jpg\" data-srcset=\"https:\/\/www.kalyhaslaci.hu\/site\/wp-content\/uploads\/2018\/06\/kalyhaslaci.hu-Kerti-konyha-tervezes-kivitelezes-34-100x100.jpg 100w, https:\/\/www.kalyhaslaci.hu\/site\/wp-content\/uploads\/2018\/06\/kalyhaslaci.hu-Kerti-konyha-tervezes-kivitelezes-34-150x150.jpg 150w, https:\/\/www.kalyhaslaci.hu\/site\/wp-content\/uploads\/2018\/06\/kalyhaslaci.hu-Kerti-konyha-tervezes-kivitelezes-34-300x300.jpg 300w\" data-sizes=\"auto\" \/><\/a>\n\t\t\t<\/dt>\n\t\t\t\t<dd class='wp-caption-text gallery-caption' id='gallery-1-5052'>\n\t\t\t\tkalyhaslaci.hu \u2013 kerti konyha projekt\n\t\t\t\t<\/dd><\/dl><dl class='gallery-item'>\n\t\t\t<dt class='gallery-icon landscape'>\n\t\t\t\t<a data-elementor-open-lightbox=\"yes\" data-elementor-lightbox-slideshow=\"a16f51a\" data-elementor-lightbox-title=\"kalyhaslaci.hu-Kerti-konyha-tervezes-kivitelezes-35\" data-rel=\"iLightbox[postimages]\" data-title=\"kalyhaslaci.hu-Kerti-konyha-tervezes-kivitelezes-35\" data-caption=\"kalyhaslaci.hu \u2013 kerti konyha projekt\" href='https:\/\/www.kalyhaslaci.hu\/site\/wp-content\/uploads\/2018\/06\/kalyhaslaci.hu-Kerti-konyha-tervezes-kivitelezes-35.jpg'><img width=\"300\" height=\"300\" src=\"https:\/\/www.kalyhaslaci.hu\/site\/wp-content\/uploads\/2018\/06\/kalyhaslaci.hu-Kerti-konyha-tervezes-kivitelezes-35-300x300.jpg\" class=\"attachment-shop_catalog size-shop_catalog lazyload\" alt=\"\" aria-describedby=\"gallery-1-5053\" srcset=\"data:image\/svg+xml,%3Csvg%20xmlns%3D%27http%3A%2F%2Fwww.w3.org%2F2000%2Fsvg%27%20width%3D%27960%27%20height%3D%27720%27%20viewBox%3D%270%200%20960%20720%27%3E%3Crect%20width%3D%27960%27%20height%3D%273720%27%20fill-opacity%3D%220%22%2F%3E%3C%2Fsvg%3E\" data-orig-src=\"https:\/\/www.kalyhaslaci.hu\/site\/wp-content\/uploads\/2018\/06\/kalyhaslaci.hu-Kerti-konyha-tervezes-kivitelezes-35-300x300.jpg\" data-srcset=\"https:\/\/www.kalyhaslaci.hu\/site\/wp-content\/uploads\/2018\/06\/kalyhaslaci.hu-Kerti-konyha-tervezes-kivitelezes-35-100x100.jpg 100w, https:\/\/www.kalyhaslaci.hu\/site\/wp-content\/uploads\/2018\/06\/kalyhaslaci.hu-Kerti-konyha-tervezes-kivitelezes-35-150x150.jpg 150w, https:\/\/www.kalyhaslaci.hu\/site\/wp-content\/uploads\/2018\/06\/kalyhaslaci.hu-Kerti-konyha-tervezes-kivitelezes-35-300x300.jpg 300w\" data-sizes=\"auto\" \/><\/a>\n\t\t\t<\/dt>\n\t\t\t\t<dd class='wp-caption-text gallery-caption' id='gallery-1-5053'>\n\t\t\t\tkalyhaslaci.hu \u2013 kerti konyha projekt\n\t\t\t\t<\/dd><\/dl><dl class='gallery-item'>\n\t\t\t<dt class='gallery-icon portrait'>\n\t\t\t\t<a data-elementor-open-lightbox=\"yes\" data-elementor-lightbox-slideshow=\"a16f51a\" data-elementor-lightbox-title=\"kalyhaslaci.hu-Kerti-konyha-tervezes-kivitelezes-36\" data-rel=\"iLightbox[postimages]\" data-title=\"kalyhaslaci.hu-Kerti-konyha-tervezes-kivitelezes-36\" data-caption=\"kalyhaslaci.hu \u2013 kerti konyha projekt\" href='https:\/\/www.kalyhaslaci.hu\/site\/wp-content\/uploads\/2018\/06\/kalyhaslaci.hu-Kerti-konyha-tervezes-kivitelezes-36.jpg'><img width=\"300\" height=\"300\" src=\"https:\/\/www.kalyhaslaci.hu\/site\/wp-content\/uploads\/2018\/06\/kalyhaslaci.hu-Kerti-konyha-tervezes-kivitelezes-36-300x300.jpg\" class=\"attachment-shop_catalog size-shop_catalog lazyload\" alt=\"\" aria-describedby=\"gallery-1-5054\" srcset=\"data:image\/svg+xml,%3Csvg%20xmlns%3D%27http%3A%2F%2Fwww.w3.org%2F2000%2Fsvg%27%20width%3D%27718%27%20height%3D%27960%27%20viewBox%3D%270%200%20718%20960%27%3E%3Crect%20width%3D%27718%27%20height%3D%273960%27%20fill-opacity%3D%220%22%2F%3E%3C%2Fsvg%3E\" data-orig-src=\"https:\/\/www.kalyhaslaci.hu\/site\/wp-content\/uploads\/2018\/06\/kalyhaslaci.hu-Kerti-konyha-tervezes-kivitelezes-36-300x300.jpg\" data-srcset=\"https:\/\/www.kalyhaslaci.hu\/site\/wp-content\/uploads\/2018\/06\/kalyhaslaci.hu-Kerti-konyha-tervezes-kivitelezes-36-100x100.jpg 100w, https:\/\/www.kalyhaslaci.hu\/site\/wp-content\/uploads\/2018\/06\/kalyhaslaci.hu-Kerti-konyha-tervezes-kivitelezes-36-150x150.jpg 150w, https:\/\/www.kalyhaslaci.hu\/site\/wp-content\/uploads\/2018\/06\/kalyhaslaci.hu-Kerti-konyha-tervezes-kivitelezes-36-300x300.jpg 300w\" data-sizes=\"auto\" \/><\/a>\n\t\t\t<\/dt>\n\t\t\t\t<dd class='wp-caption-text gallery-caption' id='gallery-1-5054'>\n\t\t\t\tkalyhaslaci.hu \u2013 kerti konyha projekt\n\t\t\t\t<\/dd><\/dl><dl class='gallery-item'>\n\t\t\t<dt class='gallery-icon landscape'>\n\t\t\t\t<a data-elementor-open-lightbox=\"yes\" data-elementor-lightbox-slideshow=\"a16f51a\" data-elementor-lightbox-title=\"kalyhaslaci.hu-Kerti-konyha-tervezes-kivitelezes-37\" data-rel=\"iLightbox[postimages]\" data-title=\"kalyhaslaci.hu-Kerti-konyha-tervezes-kivitelezes-37\" data-caption=\"kalyhaslaci.hu \u2013 kerti konyha projekt\" href='https:\/\/www.kalyhaslaci.hu\/site\/wp-content\/uploads\/2018\/06\/kalyhaslaci.hu-Kerti-konyha-tervezes-kivitelezes-37.jpg'><img width=\"300\" height=\"300\" src=\"https:\/\/www.kalyhaslaci.hu\/site\/wp-content\/uploads\/2018\/06\/kalyhaslaci.hu-Kerti-konyha-tervezes-kivitelezes-37-300x300.jpg\" class=\"attachment-shop_catalog size-shop_catalog lazyload\" alt=\"\" aria-describedby=\"gallery-1-5055\" srcset=\"data:image\/svg+xml,%3Csvg%20xmlns%3D%27http%3A%2F%2Fwww.w3.org%2F2000%2Fsvg%27%20width%3D%27960%27%20height%3D%27720%27%20viewBox%3D%270%200%20960%20720%27%3E%3Crect%20width%3D%27960%27%20height%3D%273720%27%20fill-opacity%3D%220%22%2F%3E%3C%2Fsvg%3E\" data-orig-src=\"https:\/\/www.kalyhaslaci.hu\/site\/wp-content\/uploads\/2018\/06\/kalyhaslaci.hu-Kerti-konyha-tervezes-kivitelezes-37-300x300.jpg\" data-srcset=\"https:\/\/www.kalyhaslaci.hu\/site\/wp-content\/uploads\/2018\/06\/kalyhaslaci.hu-Kerti-konyha-tervezes-kivitelezes-37-100x100.jpg 100w, https:\/\/www.kalyhaslaci.hu\/site\/wp-content\/uploads\/2018\/06\/kalyhaslaci.hu-Kerti-konyha-tervezes-kivitelezes-37-150x150.jpg 150w, https:\/\/www.kalyhaslaci.hu\/site\/wp-content\/uploads\/2018\/06\/kalyhaslaci.hu-Kerti-konyha-tervezes-kivitelezes-37-300x300.jpg 300w\" data-sizes=\"auto\" \/><\/a>\n\t\t\t<\/dt>\n\t\t\t\t<dd class='wp-caption-text gallery-caption' id='gallery-1-5055'>\n\t\t\t\tkalyhaslaci.hu \u2013 kerti konyha projekt\n\t\t\t\t<\/dd><\/dl><br style=\"clear: both\" \/>\n\t\t<\/div>\n\t\t<\/div>\n\t\t\t\t<\/div>\n\t\t\t\t<\/div>\n\t\t\t\t\t\t<\/div>\n\t\t\t\t\t<\/div>\n\t\t<\/div>\n\t\t\t\t\t\t\t\t<\/div>\n\t\t\t\t\t<\/div>\n\t\t<\/section>\n\t\t\t\t\t\t<\/div>\n\t\t\t\t\t\t<\/div>\n\t\t\t\t\t<\/div>\n\t\t","protected":false},"excerpt":{"rendered":"<p>\u00cdg\u00e9ret\u00fcnkh\u00f6z h\u00edven elkezdj\u00fck a kerti konyha tervekt\u0151l a megval\u00f3s\u00edt\u00e1sig c\u00edm\u0171 blog k\u00f6zl\u00e9s\u00e9t. \u00cdme az els\u0151 r\u00e9sz, melyben az alap \u00e9s a kezd\u0151 sorok kialak\u00edt\u00e1s\u00e1t mutatjuk be k\u00e9pekben. Mik\u00e9nt is alakult a kerti konyha projekt\u00fcnk. A hossz\u00fa t\u00e9li est\u00e9ken, elgondolkodhatnak a szabadban f\u0151zni, s\u00fctni kedvel\u0151k, hogy a tavaszra kinek \u00e9p\u00edthet\u00fcnk egy szabadt\u00e9ri kerti konyh\u00e1t. Amit most [&hellip;]<\/p>\n","protected":false},"author":1,"featured_media":5046,"comment_status":"closed","ping_status":"closed","sticky":false,"template":"","format":"standard","meta":{"ngg_post_thumbnail":0},"categories":[56,55,52],"tags":[57,66,60,58,61,59,63,62,65,64],"yoast_head":"<!-- This site is optimized with the Yoast SEO plugin v16.5 - https:\/\/yoast.com\/wordpress\/plugins\/seo\/ -->\n<title>Kerti konyha tervekt\u0151l a megval\u00f3s\u00edt\u00e1sig (1. r\u00e9sz) &raquo; K\u00e1lyh\u00e1s Laci<\/title>\n<meta name=\"description\" content=\"A tervekt\u0151l a megval\u00f3s\u00edt\u00e1sig c\u00edm\u0171 blog | Els\u0151 r\u00e9sz, melyben az alap \u00e9s a kezd\u0151 sorok kialak\u00edt\u00e1s\u00e1t mutatjuk be k\u00e9pekben. Blog a kerti konyha projekt\u00fcnkr\u0151l.\" \/>\n<meta name=\"robots\" content=\"index, follow, max-snippet:-1, max-image-preview:large, max-video-preview:-1\" \/>\n<link rel=\"canonical\" href=\"https:\/\/www.kalyhaslaci.hu\/site\/kerti-konyha-tervektol-a-megvalositasig-1-resz\/\" \/>\n<meta property=\"og:locale\" content=\"hu_HU\" \/>\n<meta property=\"og:type\" content=\"article\" \/>\n<meta property=\"og:title\" content=\"Kerti konyha tervekt\u0151l a megval\u00f3s\u00edt\u00e1sig (1. r\u00e9sz) &raquo; K\u00e1lyh\u00e1s Laci\" \/>\n<meta property=\"og:description\" content=\"A tervekt\u0151l a megval\u00f3s\u00edt\u00e1sig c\u00edm\u0171 blog | Els\u0151 r\u00e9sz, melyben az alap \u00e9s a kezd\u0151 sorok kialak\u00edt\u00e1s\u00e1t mutatjuk be k\u00e9pekben. Blog a kerti konyha projekt\u00fcnkr\u0151l.\" \/>\n<meta property=\"og:url\" content=\"https:\/\/www.kalyhaslaci.hu\/site\/kerti-konyha-tervektol-a-megvalositasig-1-resz\/\" \/>\n<meta property=\"og:site_name\" content=\"K\u00e1lyh\u00e1s Laci\" \/>\n<meta property=\"article:publisher\" content=\"https:\/\/www.facebook.com\/levai.cserepkalyha.epites\" \/>\n<meta property=\"article:published_time\" content=\"2018-11-30T05:26:13+00:00\" \/>\n<meta property=\"article:modified_time\" content=\"2019-06-13T14:16:07+00:00\" \/>\n<meta property=\"og:image\" content=\"https:\/\/www.kalyhaslaci.hu\/site\/wp-content\/uploads\/2018\/06\/kalyhaslaci.hu-Kerti-konyha-tervezes-kivitelezes-30-37-768x576.gif\" \/>\n\t<meta property=\"og:image:width\" content=\"768\" \/>\n\t<meta property=\"og:image:height\" content=\"576\" \/>\n<meta name=\"twitter:card\" content=\"summary_large_image\" \/>\n<meta name=\"twitter:label1\" content=\"Becs\u00fclt olvas\u00e1si id\u0151\" \/>\n\t<meta name=\"twitter:data1\" content=\"1 perc\" \/>\n<script type=\"application\/ld+json\" class=\"yoast-schema-graph\">{\"@context\":\"https:\/\/schema.org\",\"@graph\":[{\"@type\":\"Organization\",\"@id\":\"https:\/\/www.kalyhaslaci.hu\/site\/#organization\",\"name\":\"L\\u00e9vai cser\\u00e9pk\\u00e1lyha | kalyhaslaci.hu\",\"url\":\"https:\/\/www.kalyhaslaci.hu\/site\/\",\"sameAs\":[\"https:\/\/www.facebook.com\/levai.cserepkalyha.epites\",\"https:\/\/www.instagram.com\/kalyhaslaci\/\",\"https:\/\/www.linkedin.com\/in\/l\\u00e9vai-l\\u00e1szl\\u00f3-2161b3188\/\",\"https:\/\/www.youtube.com\/channel\/UCU4-NS9FYkFXKQvpbOHIWhg\",\"https:\/\/hu.pinterest.com\/kalyhaslaci\/\"],\"logo\":{\"@type\":\"ImageObject\",\"@id\":\"https:\/\/www.kalyhaslaci.hu\/site\/#logo\",\"inLanguage\":\"hu\",\"url\":\"https:\/\/www.kalyhaslaci.hu\/site\/wp-content\/uploads\/2019\/06\/cserepkalyha-keszites-logo-200x200px.png\",\"contentUrl\":\"https:\/\/www.kalyhaslaci.hu\/site\/wp-content\/uploads\/2019\/06\/cserepkalyha-keszites-logo-200x200px.png\",\"width\":140,\"height\":140,\"caption\":\"L\\u00e9vai cser\\u00e9pk\\u00e1lyha | kalyhaslaci.hu\"},\"image\":{\"@id\":\"https:\/\/www.kalyhaslaci.hu\/site\/#logo\"}},{\"@type\":\"WebSite\",\"@id\":\"https:\/\/www.kalyhaslaci.hu\/site\/#website\",\"url\":\"https:\/\/www.kalyhaslaci.hu\/site\/\",\"name\":\"kalyhaslaci.hu\",\"description\":\"L\\u00e9vai L\\u00e1szl\\u00f3: Min\\u0151s\\u00e9gi cser\\u00e9pk\\u00e1lyha, kandall\\u00f3, kemence, kerti konyha tervez\\u00e9s, \\u00e9p\\u00edt\\u00e9s, bont\\u00e1s, karbantart\\u00e1s | kalyhaslaci.hu\",\"publisher\":{\"@id\":\"https:\/\/www.kalyhaslaci.hu\/site\/#organization\"},\"potentialAction\":[{\"@type\":\"SearchAction\",\"target\":\"https:\/\/www.kalyhaslaci.hu\/site\/?s={search_term_string}\",\"query-input\":\"required name=search_term_string\"}],\"inLanguage\":\"hu\"},{\"@type\":\"ImageObject\",\"@id\":\"https:\/\/www.kalyhaslaci.hu\/site\/kerti-konyha-tervektol-a-megvalositasig-1-resz\/#primaryimage\",\"inLanguage\":\"hu\",\"url\":\"https:\/\/www.kalyhaslaci.hu\/site\/wp-content\/uploads\/2018\/06\/kalyhaslaci.hu-Kerti-konyha-tervezes-kivitelezes-30-37.gif\",\"contentUrl\":\"https:\/\/www.kalyhaslaci.hu\/site\/wp-content\/uploads\/2018\/06\/kalyhaslaci.hu-Kerti-konyha-tervezes-kivitelezes-30-37.gif\",\"width\":960,\"height\":720,\"caption\":\"kalyhaslaci.hu-Kerti-konyha-tervezes-kivitelezes-30-37\"},{\"@type\":\"WebPage\",\"@id\":\"https:\/\/www.kalyhaslaci.hu\/site\/kerti-konyha-tervektol-a-megvalositasig-1-resz\/#webpage\",\"url\":\"https:\/\/www.kalyhaslaci.hu\/site\/kerti-konyha-tervektol-a-megvalositasig-1-resz\/\",\"name\":\"Kerti konyha tervekt\\u0151l a megval\\u00f3s\\u00edt\\u00e1sig (1. r\\u00e9sz) &raquo; K\\u00e1lyh\\u00e1s Laci\",\"isPartOf\":{\"@id\":\"https:\/\/www.kalyhaslaci.hu\/site\/#website\"},\"primaryImageOfPage\":{\"@id\":\"https:\/\/www.kalyhaslaci.hu\/site\/kerti-konyha-tervektol-a-megvalositasig-1-resz\/#primaryimage\"},\"datePublished\":\"2018-11-30T05:26:13+00:00\",\"dateModified\":\"2019-06-13T14:16:07+00:00\",\"description\":\"A tervekt\\u0151l a megval\\u00f3s\\u00edt\\u00e1sig c\\u00edm\\u0171 blog | Els\\u0151 r\\u00e9sz, melyben az alap \\u00e9s a kezd\\u0151 sorok kialak\\u00edt\\u00e1s\\u00e1t mutatjuk be k\\u00e9pekben. Blog a kerti konyha projekt\\u00fcnkr\\u0151l.\",\"breadcrumb\":{\"@id\":\"https:\/\/www.kalyhaslaci.hu\/site\/kerti-konyha-tervektol-a-megvalositasig-1-resz\/#breadcrumb\"},\"inLanguage\":\"hu\",\"potentialAction\":[{\"@type\":\"ReadAction\",\"target\":[\"https:\/\/www.kalyhaslaci.hu\/site\/kerti-konyha-tervektol-a-megvalositasig-1-resz\/\"]}]},{\"@type\":\"BreadcrumbList\",\"@id\":\"https:\/\/www.kalyhaslaci.hu\/site\/kerti-konyha-tervektol-a-megvalositasig-1-resz\/#breadcrumb\",\"itemListElement\":[{\"@type\":\"ListItem\",\"position\":1,\"name\":\"Home\",\"item\":\"https:\/\/www.kalyhaslaci.hu\/site\/\"},{\"@type\":\"ListItem\",\"position\":2,\"name\":\"Kerti konyha tervekt\\u0151l a megval\\u00f3s\\u00edt\\u00e1sig (1. r\\u00e9sz)\"}]},{\"@type\":\"Article\",\"@id\":\"https:\/\/www.kalyhaslaci.hu\/site\/kerti-konyha-tervektol-a-megvalositasig-1-resz\/#article\",\"isPartOf\":{\"@id\":\"https:\/\/www.kalyhaslaci.hu\/site\/kerti-konyha-tervektol-a-megvalositasig-1-resz\/#webpage\"},\"author\":{\"@id\":\"https:\/\/www.kalyhaslaci.hu\/site\/#\/schema\/person\/457c878ae6dc8f17b89133b3c1e2ca21\"},\"headline\":\"Kerti konyha tervekt\\u0151l a megval\\u00f3s\\u00edt\\u00e1sig (1. r\\u00e9sz)\",\"datePublished\":\"2018-11-30T05:26:13+00:00\",\"dateModified\":\"2019-06-13T14:16:07+00:00\",\"mainEntityOfPage\":{\"@id\":\"https:\/\/www.kalyhaslaci.hu\/site\/kerti-konyha-tervektol-a-megvalositasig-1-resz\/#webpage\"},\"wordCount\":183,\"publisher\":{\"@id\":\"https:\/\/www.kalyhaslaci.hu\/site\/#organization\"},\"image\":{\"@id\":\"https:\/\/www.kalyhaslaci.hu\/site\/kerti-konyha-tervektol-a-megvalositasig-1-resz\/#primaryimage\"},\"thumbnailUrl\":\"https:\/\/www.kalyhaslaci.hu\/site\/wp-content\/uploads\/2018\/06\/kalyhaslaci.hu-Kerti-konyha-tervezes-kivitelezes-30-37.gif\",\"keywords\":[\"\\u00e9p\\u00edt\\u00e9s\",\"f\\u0151z\\u00e9s\",\"k\\u00e1lyh\\u00e1s\",\"kalyhaslaci\",\"kerti\",\"kivitelez\\u00e9s\",\"konyha\",\"laci\",\"s\\u00fct\\u00e9s\",\"tervez\\u00e9s\"],\"articleSection\":[\"Blog\",\"H\\u00edrek\",\"Kerti konyha\"],\"inLanguage\":\"hu\"},{\"@type\":\"Person\",\"@id\":\"https:\/\/www.kalyhaslaci.hu\/site\/#\/schema\/person\/457c878ae6dc8f17b89133b3c1e2ca21\",\"name\":\"siteeditor69\",\"image\":{\"@type\":\"ImageObject\",\"@id\":\"https:\/\/www.kalyhaslaci.hu\/site\/#personlogo\",\"inLanguage\":\"hu\",\"url\":\"https:\/\/secure.gravatar.com\/avatar\/034e608571baf6dfab7e93a1c59ba972?s=96&d=mm&r=g\",\"contentUrl\":\"https:\/\/secure.gravatar.com\/avatar\/034e608571baf6dfab7e93a1c59ba972?s=96&d=mm&r=g\",\"caption\":\"siteeditor69\"},\"url\":\"https:\/\/www.kalyhaslaci.hu\/site\/author\/siteeditor69\/\"}]}<\/script>\n<!-- \/ Yoast SEO plugin. -->","_links":{"self":[{"href":"https:\/\/www.kalyhaslaci.hu\/site\/wp-json\/wp\/v2\/posts\/133"}],"collection":[{"href":"https:\/\/www.kalyhaslaci.hu\/site\/wp-json\/wp\/v2\/posts"}],"about":[{"href":"https:\/\/www.kalyhaslaci.hu\/site\/wp-json\/wp\/v2\/types\/post"}],"author":[{"embeddable":true,"href":"https:\/\/www.kalyhaslaci.hu\/site\/wp-json\/wp\/v2\/users\/1"}],"replies":[{"embeddable":true,"href":"https:\/\/www.kalyhaslaci.hu\/site\/wp-json\/wp\/v2\/comments?post=133"}],"version-history":[{"count":7,"href":"https:\/\/www.kalyhaslaci.hu\/site\/wp-json\/wp\/v2\/posts\/133\/revisions"}],"predecessor-version":[{"id":5337,"href":"https:\/\/www.kalyhaslaci.hu\/site\/wp-json\/wp\/v2\/posts\/133\/revisions\/5337"}],"wp:featuredmedia":[{"embeddable":true,"href":"https:\/\/www.kalyhaslaci.hu\/site\/wp-json\/wp\/v2\/media\/5046"}],"wp:attachment":[{"href":"https:\/\/www.kalyhaslaci.hu\/site\/wp-json\/wp\/v2\/media?parent=133"}],"wp:term":[{"taxonomy":"category","embeddable":true,"href":"https:\/\/www.kalyhaslaci.hu\/site\/wp-json\/wp\/v2\/categories?post=133"},{"taxonomy":"post_tag","embeddable":true,"href":"https:\/\/www.kalyhaslaci.hu\/site\/wp-json\/wp\/v2\/tags?post=133"}],"curies":[{"name":"wp","href":"https:\/\/api.w.org\/{rel}","templated":true}]}}