{"id":6036,"date":"2019-01-31T14:25:36","date_gmt":"2019-01-31T12:25:36","guid":{"rendered":"https:\/\/www.kalyhaslaci.hu\/site\/?p=6036"},"modified":"2019-06-23T14:41:09","modified_gmt":"2019-06-23T12:41:09","slug":"kalyhaslaci-hu-es-a-tuzvilag-kalyha-kandallo-kemence-magazin","status":"publish","type":"post","link":"https:\/\/www.kalyhaslaci.hu\/site\/kalyhaslaci-hu-es-a-tuzvilag-kalyha-kandallo-kemence-magazin\/","title":{"rendered":"kalyhaslaci.hu \u00e9s a T\u0171zvil\u00e1g &#8211; K\u00e1lyha &#038; Kandall\u00f3 &#038; Kemence Magazin"},"content":{"rendered":"<p>\u00dagy alakult, hogy id\u00e9n r\u00e9szt vettem a T\u0171zvil\u00e1g magazin 2018 \u00e9v kertkonyh\u00e1ja verseny\u00e9n.<\/p>\n<blockquote><p>L\u00e9vai L\u00e1szl\u00f3 (K\u00e1lyh\u00e1slaci) munk\u00e1ja, ez az ergon\u00f3mikus kertikonyha, ahol minden funkci\u00f3t k\u00e9nyelmesen, szinte egy helyr\u0151l lehet kihaszn\u00e1lni.<\/p><\/blockquote>\n<p style=\"text-align: center;\">A versennyel kapcsolatos felh\u00edv\u00e1st <a href=\"http:\/\/tuzvilag-magazin.hu\/az-ev-kandalloja-kalyhaja-kemenceje-2018-felhivas\/\" target=\"_blank\" rel=\"noopener noreferrer\">ITT<\/a> olvashatj\u00e1tok.<\/p>\n<p style=\"text-align: center;\"><strong>Tov\u00e1bbi munk\u00e1imat <a href=\"https:\/\/www.kalyhaslaci.hu\/site\/rolunk\/referenciaink\/\" target=\"_blank\" rel=\"noopener noreferrer\">ITT<\/a> tal\u00e1lhatj\u00e1tok!<\/strong><\/p>\n","protected":false},"excerpt":{"rendered":"<p>\u00dagy alakult, hogy id\u00e9n r\u00e9szt vettem a T\u0171zvil\u00e1g magazin 2018 \u00e9v kertkonyh\u00e1ja verseny\u00e9n. L\u00e9vai L\u00e1szl\u00f3 (K\u00e1lyh\u00e1slaci) munk\u00e1ja, ez az ergon\u00f3mikus kertikonyha, ahol minden funkci\u00f3t k\u00e9nyelmesen, szinte egy helyr\u0151l lehet kihaszn\u00e1lni. A versennyel kapcsolatos felh\u00edv\u00e1st ITT olvashatj\u00e1tok. Tov\u00e1bbi munk\u00e1imat ITT tal\u00e1lhatj\u00e1tok!<\/p>\n","protected":false},"author":1,"featured_media":6039,"comment_status":"closed","ping_status":"closed","sticky":false,"template":"","format":"standard","meta":{"ngg_post_thumbnail":0},"categories":[56,55,52],"tags":[126,58,61,69,63,127],"yoast_head":"<!-- This site is optimized with the Yoast SEO plugin v16.5 - https:\/\/yoast.com\/wordpress\/plugins\/seo\/ -->\n<title>kalyhaslaci.hu \u00e9s a T\u0171zvil\u00e1g - K\u00e1lyha &amp; Kandall\u00f3 &amp; Kemence Magazin &raquo; K\u00e1lyh\u00e1s Laci<\/title>\n<meta name=\"robots\" content=\"index, follow, max-snippet:-1, max-image-preview:large, max-video-preview:-1\" \/>\n<link rel=\"canonical\" href=\"https:\/\/www.kalyhaslaci.hu\/site\/kalyhaslaci-hu-es-a-tuzvilag-kalyha-kandallo-kemence-magazin\/\" \/>\n<meta property=\"og:locale\" content=\"hu_HU\" \/>\n<meta property=\"og:type\" content=\"article\" \/>\n<meta property=\"og:title\" content=\"kalyhaslaci.hu \u00e9s a T\u0171zvil\u00e1g - K\u00e1lyha &amp; Kandall\u00f3 &amp; Kemence Magazin &raquo; K\u00e1lyh\u00e1s Laci\" \/>\n<meta property=\"og:description\" content=\"\u00dagy alakult, hogy id\u00e9n r\u00e9szt vettem a T\u0171zvil\u00e1g magazin 2018 \u00e9v kertkonyh\u00e1ja verseny\u00e9n. L\u00e9vai L\u00e1szl\u00f3 (K\u00e1lyh\u00e1slaci) munk\u00e1ja, ez az ergon\u00f3mikus kertikonyha, ahol minden funkci\u00f3t k\u00e9nyelmesen, szinte egy helyr\u0151l lehet kihaszn\u00e1lni. A versennyel kapcsolatos felh\u00edv\u00e1st ITT olvashatj\u00e1tok. Tov\u00e1bbi munk\u00e1imat ITT tal\u00e1lhatj\u00e1tok!\" \/>\n<meta property=\"og:url\" content=\"https:\/\/www.kalyhaslaci.hu\/site\/kalyhaslaci-hu-es-a-tuzvilag-kalyha-kandallo-kemence-magazin\/\" \/>\n<meta property=\"og:site_name\" content=\"K\u00e1lyh\u00e1s Laci\" \/>\n<meta property=\"article:publisher\" content=\"https:\/\/www.facebook.com\/levai.cserepkalyha.epites\" \/>\n<meta property=\"article:published_time\" content=\"2019-01-31T12:25:36+00:00\" \/>\n<meta property=\"article:modified_time\" content=\"2019-06-23T12:41:09+00:00\" \/>\n<meta property=\"og:image\" content=\"https:\/\/www.kalyhaslaci.hu\/site\/wp-content\/uploads\/2019\/06\/kalyhaslac.hu-tuzvilag-kertikonyha-2018.jpg\" \/>\n\t<meta property=\"og:image:width\" content=\"960\" \/>\n\t<meta property=\"og:image:height\" content=\"720\" \/>\n<meta name=\"twitter:card\" content=\"summary_large_image\" \/>\n<script type=\"application\/ld+json\" class=\"yoast-schema-graph\">{\"@context\":\"https:\/\/schema.org\",\"@graph\":[{\"@type\":\"Organization\",\"@id\":\"https:\/\/www.kalyhaslaci.hu\/site\/#organization\",\"name\":\"L\\u00e9vai cser\\u00e9pk\\u00e1lyha | kalyhaslaci.hu\",\"url\":\"https:\/\/www.kalyhaslaci.hu\/site\/\",\"sameAs\":[\"https:\/\/www.facebook.com\/levai.cserepkalyha.epites\",\"https:\/\/www.instagram.com\/kalyhaslaci\/\",\"https:\/\/www.linkedin.com\/in\/l\\u00e9vai-l\\u00e1szl\\u00f3-2161b3188\/\",\"https:\/\/www.youtube.com\/channel\/UCU4-NS9FYkFXKQvpbOHIWhg\",\"https:\/\/hu.pinterest.com\/kalyhaslaci\/\"],\"logo\":{\"@type\":\"ImageObject\",\"@id\":\"https:\/\/www.kalyhaslaci.hu\/site\/#logo\",\"inLanguage\":\"hu\",\"url\":\"https:\/\/www.kalyhaslaci.hu\/site\/wp-content\/uploads\/2019\/06\/cserepkalyha-keszites-logo-200x200px.png\",\"contentUrl\":\"https:\/\/www.kalyhaslaci.hu\/site\/wp-content\/uploads\/2019\/06\/cserepkalyha-keszites-logo-200x200px.png\",\"width\":140,\"height\":140,\"caption\":\"L\\u00e9vai cser\\u00e9pk\\u00e1lyha | kalyhaslaci.hu\"},\"image\":{\"@id\":\"https:\/\/www.kalyhaslaci.hu\/site\/#logo\"}},{\"@type\":\"WebSite\",\"@id\":\"https:\/\/www.kalyhaslaci.hu\/site\/#website\",\"url\":\"https:\/\/www.kalyhaslaci.hu\/site\/\",\"name\":\"kalyhaslaci.hu\",\"description\":\"L\\u00e9vai L\\u00e1szl\\u00f3: Min\\u0151s\\u00e9gi cser\\u00e9pk\\u00e1lyha, kandall\\u00f3, kemence, kerti konyha tervez\\u00e9s, \\u00e9p\\u00edt\\u00e9s, bont\\u00e1s, karbantart\\u00e1s | kalyhaslaci.hu\",\"publisher\":{\"@id\":\"https:\/\/www.kalyhaslaci.hu\/site\/#organization\"},\"potentialAction\":[{\"@type\":\"SearchAction\",\"target\":\"https:\/\/www.kalyhaslaci.hu\/site\/?s={search_term_string}\",\"query-input\":\"required name=search_term_string\"}],\"inLanguage\":\"hu\"},{\"@type\":\"ImageObject\",\"@id\":\"https:\/\/www.kalyhaslaci.hu\/site\/kalyhaslaci-hu-es-a-tuzvilag-kalyha-kandallo-kemence-magazin\/#primaryimage\",\"inLanguage\":\"hu\",\"url\":\"https:\/\/www.kalyhaslaci.hu\/site\/wp-content\/uploads\/2019\/06\/kalyhaslac.hu-tuzvilag-kertikonyha-2018.jpg\",\"contentUrl\":\"https:\/\/www.kalyhaslaci.hu\/site\/wp-content\/uploads\/2019\/06\/kalyhaslac.hu-tuzvilag-kertikonyha-2018.jpg\",\"width\":960,\"height\":720},{\"@type\":\"WebPage\",\"@id\":\"https:\/\/www.kalyhaslaci.hu\/site\/kalyhaslaci-hu-es-a-tuzvilag-kalyha-kandallo-kemence-magazin\/#webpage\",\"url\":\"https:\/\/www.kalyhaslaci.hu\/site\/kalyhaslaci-hu-es-a-tuzvilag-kalyha-kandallo-kemence-magazin\/\",\"name\":\"kalyhaslaci.hu \\u00e9s a T\\u0171zvil\\u00e1g - K\\u00e1lyha & Kandall\\u00f3 & Kemence Magazin &raquo; K\\u00e1lyh\\u00e1s Laci\",\"isPartOf\":{\"@id\":\"https:\/\/www.kalyhaslaci.hu\/site\/#website\"},\"primaryImageOfPage\":{\"@id\":\"https:\/\/www.kalyhaslaci.hu\/site\/kalyhaslaci-hu-es-a-tuzvilag-kalyha-kandallo-kemence-magazin\/#primaryimage\"},\"datePublished\":\"2019-01-31T12:25:36+00:00\",\"dateModified\":\"2019-06-23T12:41:09+00:00\",\"breadcrumb\":{\"@id\":\"https:\/\/www.kalyhaslaci.hu\/site\/kalyhaslaci-hu-es-a-tuzvilag-kalyha-kandallo-kemence-magazin\/#breadcrumb\"},\"inLanguage\":\"hu\",\"potentialAction\":[{\"@type\":\"ReadAction\",\"target\":[\"https:\/\/www.kalyhaslaci.hu\/site\/kalyhaslaci-hu-es-a-tuzvilag-kalyha-kandallo-kemence-magazin\/\"]}]},{\"@type\":\"BreadcrumbList\",\"@id\":\"https:\/\/www.kalyhaslaci.hu\/site\/kalyhaslaci-hu-es-a-tuzvilag-kalyha-kandallo-kemence-magazin\/#breadcrumb\",\"itemListElement\":[{\"@type\":\"ListItem\",\"position\":1,\"name\":\"Home\",\"item\":\"https:\/\/www.kalyhaslaci.hu\/site\/\"},{\"@type\":\"ListItem\",\"position\":2,\"name\":\"kalyhaslaci.hu \\u00e9s a T\\u0171zvil\\u00e1g &#8211; K\\u00e1lyha &#038; Kandall\\u00f3 &#038; Kemence Magazin\"}]},{\"@type\":\"Article\",\"@id\":\"https:\/\/www.kalyhaslaci.hu\/site\/kalyhaslaci-hu-es-a-tuzvilag-kalyha-kandallo-kemence-magazin\/#article\",\"isPartOf\":{\"@id\":\"https:\/\/www.kalyhaslaci.hu\/site\/kalyhaslaci-hu-es-a-tuzvilag-kalyha-kandallo-kemence-magazin\/#webpage\"},\"author\":{\"@id\":\"https:\/\/www.kalyhaslaci.hu\/site\/#\/schema\/person\/457c878ae6dc8f17b89133b3c1e2ca21\"},\"headline\":\"kalyhaslaci.hu \\u00e9s a T\\u0171zvil\\u00e1g &#8211; K\\u00e1lyha &#038; Kandall\\u00f3 &#038; Kemence Magazin\",\"datePublished\":\"2019-01-31T12:25:36+00:00\",\"dateModified\":\"2019-06-23T12:41:09+00:00\",\"mainEntityOfPage\":{\"@id\":\"https:\/\/www.kalyhaslaci.hu\/site\/kalyhaslaci-hu-es-a-tuzvilag-kalyha-kandallo-kemence-magazin\/#webpage\"},\"wordCount\":75,\"publisher\":{\"@id\":\"https:\/\/www.kalyhaslaci.hu\/site\/#organization\"},\"image\":{\"@id\":\"https:\/\/www.kalyhaslaci.hu\/site\/kalyhaslaci-hu-es-a-tuzvilag-kalyha-kandallo-kemence-magazin\/#primaryimage\"},\"thumbnailUrl\":\"https:\/\/www.kalyhaslaci.hu\/site\/wp-content\/uploads\/2019\/06\/kalyhaslac.hu-tuzvilag-kertikonyha-2018.jpg\",\"keywords\":[\"2018\",\"kalyhaslaci\",\"kerti\",\"kertikonyha\",\"konyha\",\"t\\u0171zvil\\u00e1g\"],\"articleSection\":[\"Blog\",\"H\\u00edrek\",\"Kerti konyha\"],\"inLanguage\":\"hu\"},{\"@type\":\"Person\",\"@id\":\"https:\/\/www.kalyhaslaci.hu\/site\/#\/schema\/person\/457c878ae6dc8f17b89133b3c1e2ca21\",\"name\":\"siteeditor69\",\"image\":{\"@type\":\"ImageObject\",\"@id\":\"https:\/\/www.kalyhaslaci.hu\/site\/#personlogo\",\"inLanguage\":\"hu\",\"url\":\"https:\/\/secure.gravatar.com\/avatar\/034e608571baf6dfab7e93a1c59ba972?s=96&d=mm&r=g\",\"contentUrl\":\"https:\/\/secure.gravatar.com\/avatar\/034e608571baf6dfab7e93a1c59ba972?s=96&d=mm&r=g\",\"caption\":\"siteeditor69\"},\"url\":\"https:\/\/www.kalyhaslaci.hu\/site\/author\/siteeditor69\/\"}]}<\/script>\n<!-- \/ Yoast SEO plugin. -->","_links":{"self":[{"href":"https:\/\/www.kalyhaslaci.hu\/site\/wp-json\/wp\/v2\/posts\/6036"}],"collection":[{"href":"https:\/\/www.kalyhaslaci.hu\/site\/wp-json\/wp\/v2\/posts"}],"about":[{"href":"https:\/\/www.kalyhaslaci.hu\/site\/wp-json\/wp\/v2\/types\/post"}],"author":[{"embeddable":true,"href":"https:\/\/www.kalyhaslaci.hu\/site\/wp-json\/wp\/v2\/users\/1"}],"replies":[{"embeddable":true,"href":"https:\/\/www.kalyhaslaci.hu\/site\/wp-json\/wp\/v2\/comments?post=6036"}],"version-history":[{"count":2,"href":"https:\/\/www.kalyhaslaci.hu\/site\/wp-json\/wp\/v2\/posts\/6036\/revisions"}],"predecessor-version":[{"id":6038,"href":"https:\/\/www.kalyhaslaci.hu\/site\/wp-json\/wp\/v2\/posts\/6036\/revisions\/6038"}],"wp:featuredmedia":[{"embeddable":true,"href":"https:\/\/www.kalyhaslaci.hu\/site\/wp-json\/wp\/v2\/media\/6039"}],"wp:attachment":[{"href":"https:\/\/www.kalyhaslaci.hu\/site\/wp-json\/wp\/v2\/media?parent=6036"}],"wp:term":[{"taxonomy":"category","embeddable":true,"href":"https:\/\/www.kalyhaslaci.hu\/site\/wp-json\/wp\/v2\/categories?post=6036"},{"taxonomy":"post_tag","embeddable":true,"href":"https:\/\/www.kalyhaslaci.hu\/site\/wp-json\/wp\/v2\/tags?post=6036"}],"curies":[{"name":"wp","href":"https:\/\/api.w.org\/{rel}","templated":true}]}}