{"id":6045,"date":"2019-02-23T17:17:32","date_gmt":"2019-02-23T15:17:32","guid":{"rendered":"https:\/\/www.kalyhaslaci.hu\/site\/?p=6045"},"modified":"2021-03-03T09:21:20","modified_gmt":"2021-03-03T08:21:20","slug":"ajandek-cserepkalyha-projekt-2018-19","status":"publish","type":"post","link":"https:\/\/www.kalyhaslaci.hu\/site\/ajandek-cserepkalyha-projekt-2018-19\/","title":{"rendered":"Aj\u00e1nd\u00e9k cser\u00e9pk\u00e1lyha 2018-19"},"content":{"rendered":"\t\t<div data-elementor-type=\"wp-post\" data-elementor-id=\"6045\" class=\"elementor elementor-6045\" data-elementor-settings=\"[]\">\n\t\t\t\t\t\t<div class=\"elementor-inner\">\n\t\t\t\t\t\t\t<div class=\"elementor-section-wrap\">\n\t\t\t\t\t\t\t<section class=\"elementor-section elementor-top-section elementor-element elementor-element-9db72e3 elementor-section-boxed elementor-section-height-default elementor-section-height-default\" data-id=\"9db72e3\" data-element_type=\"section\">\n\t\t\t\t\t\t<div class=\"elementor-container elementor-column-gap-default\">\n\t\t\t\t\t\t\t<div class=\"elementor-row\">\n\t\t\t\t\t<div class=\"elementor-column elementor-col-100 elementor-top-column elementor-element elementor-element-e029d34\" data-id=\"e029d34\" data-element_type=\"column\">\n\t\t\t<div class=\"elementor-column-wrap elementor-element-populated\">\n\t\t\t\t\t\t\t<div class=\"elementor-widget-wrap\">\n\t\t\t\t\t\t<div class=\"elementor-element elementor-element-e1ba89f elementor-widget elementor-widget-text-editor\" data-id=\"e1ba89f\" data-element_type=\"widget\" data-widget_type=\"text-editor.default\">\n\t\t\t\t<div class=\"elementor-widget-container\">\n\t\t\t\t\t\t\t\t<div class=\"elementor-text-editor elementor-clearfix\">\n\t\t\t\t\t<p style=\"text-align: justify;\">Novemberben jelezte a <strong><a href=\"http:\/\/tunderpakk.hu\/\" target=\"_blank\" rel=\"noopener\">T\u00fcnd\u00e9rpakk alap\u00edtv\u00e1ny<\/a><\/strong>, hogy egy 9 gyermekes csal\u00e1dnak nagy sz\u00fcks\u00e9ge lenne egy <strong>cser\u00e9pk\u00e1lyh\u00e1ra<\/strong>, mely meg\u00e9p\u00edt\u00e9s\u00e9hez minden seg\u00edteni sz\u00e1nd\u00e9koz\u00f3 jelentkez\u00e9s\u00e9t v\u00e1rj\u00e1k!<\/p>\n<p style=\"text-align: justify;\"><strong>K\u00e9t alkalommal m\u00e1r \u00e9p\u00edtettem koll\u00e9g\u00e1im seg\u00edts\u00e9g\u00e9vel aj\u00e1nd\u00e9k cser\u00e9pk\u00e1lyh\u00e1t<\/strong>. Akkor mi hirdett\u00fck meg a jelentkez\u00e9si lehet\u0151s\u00e9get, \u00e9s sorsol\u00e1ssal v\u00e1lasztottuk ki a szerencs\u00e9s csal\u00e1dot. Most viszont az alap\u00edtv\u00e1ny k\u00e9rt seg\u00edts\u00e9get. Nagy \u00f6r\u00f6mmel v\u00e1llaltam, hogy seg\u00edtek. Azonban, mivel a kor\u00e1bbi csapatb\u00f3l egyed\u00fcl maradtam, az \u00f6sszes k\u00f6lts\u00e9get nem tudtam v\u00e1llalni, \u00edgy szponzorokat kerestem. A sz\u00e9kesfeh\u00e9rv\u00e1ri <a href=\"http:\/\/samot.hu\" target=\"_blank\" rel=\"noopener\">samot.hu<\/a> kedvezm\u00e9nyesen biztos\u00edtott a samott t\u00e9gl\u00e1t, a t\u00f6bbi seg\u00e9danyagot szint\u00e9n kedvezm\u00e9nnyel v\u00e1s\u00e1rolhattuk meg a t\u00e1pi\u00f3szecs\u0151i Pagony t\u0171z\u00e9pt\u0151l \u00e9s ingyen sz\u00e1ll\u00edtott\u00e1k ki a zs\u00e1boki csal\u00e1dhoz.\nA munk\u00e1mat egy r\u00e9gi burkol\u00f3 koll\u00e9g\u00e1m <strong>Sz\u00e9cs\u00e9nyi Tibor<\/strong> seg\u00edtette, aki a szomsz\u00e9d k\u00f6zs\u00e9gben lakik. K\u00f6sz\u00f6n\u00f6m, hogy mindannyian, azonnal igent mondtak a seg\u00edts\u00e9gre. A munk\u00e1nkat folyamatosan figyelemmel k\u00eds\u00e9rt\u00e9k a csal\u00e1d tagjai, s\u0151t volt, aki a v\u00e9gs\u0151 f\u00e1zisban m\u00e1r seg\u00edtett is.<\/p>\n<p style=\"text-align: justify;\">Boldog vagyok, hogy egy ilyen nagy szeretetben \u00e9l\u0151 csal\u00e1dnak \u00e9p\u00edthettem meg ezt a cser\u00e9pk\u00e1lyh\u00e1t. Biztos vagyok benne, hogy ezt is megbecs\u00fclik, vigy\u00e1znak r\u00e1, mint minden m\u00e1sra, amivel az alap\u00edtv\u00e1ny seg\u00edti \u0150ket.<\/p>\n<p style=\"text-align: justify;\">A sz\u00fcl\u0151knek a kilenc gyermek nevel\u00e9se mellett arra is van ideje, hogy \u00f6nk\u00e9ntesk\u00e9nt \u0150k is seg\u00edtik a T\u00fcnd\u00e9rpakk alap\u00edtv\u00e1ny munk\u00e1j\u00e1t:<\/p>\n\n<ul>\n \t<li style=\"list-style-type: none;\">\n<ul>az adom\u00e1ny ruh\u00e1kat \u00e9s cip\u0151ket ha kin\u00f6vik a gyerekek, visszaadj\u00e1k,<\/ul>\n<\/li>\n<\/ul>\n&nbsp;\n<ul>\n \t<li style=\"list-style-type: none;\">\n<ul>illetve ha csomag \u00f6sszek\u00e9sz\u00edt\u00e9sr\u0151l van sz\u00f3, Krisztina az anyuka azonnal seg\u00edt.<\/ul>\n<\/li>\n<\/ul>\n&nbsp;\n<p style=\"text-align: justify;\"><strong>K\u00edv\u00e1nom, hogy min\u00e9l tov\u00e1bb haszn\u00e1lhass\u00e1k, az elk\u00e9sz\u00fclt k\u00e1lyh\u00e1t, eg\u00e9szs\u00e9gben, boldogs\u00e1gban!<\/strong><\/p>\n\n<!-- index.php -->\n<div\n\tclass=\"ngg-galleryoverview\"\n\tid=\"ngg-gallery-186fb7fcb49353ab6a2a0cefdcc4aba9-1\">\n\n    \t<div class=\"slideshowlink\">\n        <a href='https:\/\/www.kalyhaslaci.hu\/site\/ajandek-cserepkalyha-projekt-2018-19\/nggallery\/slideshow'>[Diavet\u00edt\u00e9s ind\u00edt\u00e1sa]<\/a>\n\t\t\n\t<\/div>\n\t\t\t<!-- Thumbnails -->\n\t\t\t\t<div id=\"ngg-image-0\" class=\"ngg-gallery-thumbnail-box\" >\n\t\t\t\t        <div class=\"ngg-gallery-thumbnail\">\n            <a href=\"https:\/\/www.kalyhaslaci.hu\/site\/wp-content\/gallery\/ajandek-cserepkalyha-projekt-2018-19\/kalyhaslaci.hu-ajandek-cserepkalyha-projekt-2018-19-00.jpg\"\n               title=\"CSER\u00c9PK\u00c1LYHA, AJ\u00c1ND\u00c9K CSER\u00c9PK\u00c1LYHA PROJEKT - kalyhaslaci.hu - 2018-19\"\n               data-src=\"https:\/\/www.kalyhaslaci.hu\/site\/wp-content\/gallery\/ajandek-cserepkalyha-projekt-2018-19\/kalyhaslaci.hu-ajandek-cserepkalyha-projekt-2018-19-00.jpg\"\n               data-thumbnail=\"https:\/\/www.kalyhaslaci.hu\/site\/wp-content\/gallery\/ajandek-cserepkalyha-projekt-2018-19\/thumbs\/thumbs_kalyhaslaci.hu-ajandek-cserepkalyha-projekt-2018-19-00.jpg\"\n               data-image-id=\"75\"\n               data-title=\"kalyhaslaci.hu-ajandek-cserepkalyha-projekt-2018-19-00\"\n               data-description=\"CSER\u00c9PK\u00c1LYHA, AJ\u00c1ND\u00c9K CSER\u00c9PK\u00c1LYHA PROJEKT - kalyhaslaci.hu - 2018-19\"\n               data-image-slug=\"kalyhaslaci-hu-ajandek-cserepkalyha-projekt-2018-19-00\"\n               class=\"ngg-simplelightbox\" rel=\"186fb7fcb49353ab6a2a0cefdcc4aba9\">\n                <img\n                    title=\"kalyhaslaci.hu-ajandek-cserepkalyha-projekt-2018-19-00\"\n                    alt=\"kalyhaslaci.hu-ajandek-cserepkalyha-projekt-2018-19-00\"\n                    src=\"data:image\/svg+xml,%3Csvg%20xmlns%3D%27http%3A%2F%2Fwww.w3.org%2F2000%2Fsvg%27%20width%3D%27240%27%20height%3D%27160%27%20viewBox%3D%270%200%20240%20160%27%3E%3Crect%20width%3D%27240%27%20height%3D%273160%27%20fill-opacity%3D%220%22%2F%3E%3C%2Fsvg%3E\" data-orig-src=\"https:\/\/www.kalyhaslaci.hu\/site\/wp-content\/gallery\/ajandek-cserepkalyha-projekt-2018-19\/thumbs\/thumbs_kalyhaslaci.hu-ajandek-cserepkalyha-projekt-2018-19-00.jpg\"\n                    width=\"240\"\n                    height=\"160\"\n                    style=\"max-width:100%;\"\n                \/>\n            <\/a>\n        <\/div>\n\t\t\t\t\t\t\t<\/div> \n\t\t\t\n        \n\t\t\t\t<div id=\"ngg-image-1\" class=\"ngg-gallery-thumbnail-box\" >\n\t\t\t\t        <div class=\"ngg-gallery-thumbnail\">\n            <a href=\"https:\/\/www.kalyhaslaci.hu\/site\/wp-content\/gallery\/ajandek-cserepkalyha-projekt-2018-19\/kalyhaslaci.hu-ajandek-cserepkalyha-projekt-2018-19-01.jpg\"\n               title=\"CSER\u00c9PK\u00c1LYHA, AJ\u00c1ND\u00c9K CSER\u00c9PK\u00c1LYHA PROJEKT - kalyhaslaci.hu - 2018-19\"\n               data-src=\"https:\/\/www.kalyhaslaci.hu\/site\/wp-content\/gallery\/ajandek-cserepkalyha-projekt-2018-19\/kalyhaslaci.hu-ajandek-cserepkalyha-projekt-2018-19-01.jpg\"\n               data-thumbnail=\"https:\/\/www.kalyhaslaci.hu\/site\/wp-content\/gallery\/ajandek-cserepkalyha-projekt-2018-19\/thumbs\/thumbs_kalyhaslaci.hu-ajandek-cserepkalyha-projekt-2018-19-01.jpg\"\n               data-image-id=\"76\"\n               data-title=\"kalyhaslaci.hu-ajandek-cserepkalyha-projekt-2018-19-01\"\n               data-description=\"CSER\u00c9PK\u00c1LYHA, AJ\u00c1ND\u00c9K CSER\u00c9PK\u00c1LYHA PROJEKT - kalyhaslaci.hu - 2018-19\"\n               data-image-slug=\"kalyhaslaci-hu-ajandek-cserepkalyha-projekt-2018-19-01\"\n               class=\"ngg-simplelightbox\" rel=\"186fb7fcb49353ab6a2a0cefdcc4aba9\">\n                <img\n                    title=\"kalyhaslaci.hu-ajandek-cserepkalyha-projekt-2018-19-01\"\n                    alt=\"kalyhaslaci.hu-ajandek-cserepkalyha-projekt-2018-19-01\"\n                    src=\"data:image\/svg+xml,%3Csvg%20xmlns%3D%27http%3A%2F%2Fwww.w3.org%2F2000%2Fsvg%27%20width%3D%27240%27%20height%3D%27160%27%20viewBox%3D%270%200%20240%20160%27%3E%3Crect%20width%3D%27240%27%20height%3D%273160%27%20fill-opacity%3D%220%22%2F%3E%3C%2Fsvg%3E\" data-orig-src=\"https:\/\/www.kalyhaslaci.hu\/site\/wp-content\/gallery\/ajandek-cserepkalyha-projekt-2018-19\/thumbs\/thumbs_kalyhaslaci.hu-ajandek-cserepkalyha-projekt-2018-19-01.jpg\"\n                    width=\"240\"\n                    height=\"160\"\n                    style=\"max-width:100%;\"\n                \/>\n            <\/a>\n        <\/div>\n\t\t\t\t\t\t\t<\/div> \n\t\t\t\n        \n\t\t\t\t<div id=\"ngg-image-2\" class=\"ngg-gallery-thumbnail-box\" >\n\t\t\t\t        <div class=\"ngg-gallery-thumbnail\">\n            <a href=\"https:\/\/www.kalyhaslaci.hu\/site\/wp-content\/gallery\/ajandek-cserepkalyha-projekt-2018-19\/kalyhaslaci.hu-ajandek-cserepkalyha-projekt-2018-19-02.jpg\"\n               title=\"CSER\u00c9PK\u00c1LYHA, AJ\u00c1ND\u00c9K CSER\u00c9PK\u00c1LYHA PROJEKT - kalyhaslaci.hu - 2018-19\"\n               data-src=\"https:\/\/www.kalyhaslaci.hu\/site\/wp-content\/gallery\/ajandek-cserepkalyha-projekt-2018-19\/kalyhaslaci.hu-ajandek-cserepkalyha-projekt-2018-19-02.jpg\"\n               data-thumbnail=\"https:\/\/www.kalyhaslaci.hu\/site\/wp-content\/gallery\/ajandek-cserepkalyha-projekt-2018-19\/thumbs\/thumbs_kalyhaslaci.hu-ajandek-cserepkalyha-projekt-2018-19-02.jpg\"\n               data-image-id=\"77\"\n               data-title=\"kalyhaslaci.hu-ajandek-cserepkalyha-projekt-2018-19-02\"\n               data-description=\"CSER\u00c9PK\u00c1LYHA, AJ\u00c1ND\u00c9K CSER\u00c9PK\u00c1LYHA PROJEKT - kalyhaslaci.hu - 2018-19\"\n               data-image-slug=\"kalyhaslaci-hu-ajandek-cserepkalyha-projekt-2018-19-02\"\n               class=\"ngg-simplelightbox\" rel=\"186fb7fcb49353ab6a2a0cefdcc4aba9\">\n                <img\n                    title=\"kalyhaslaci.hu-ajandek-cserepkalyha-projekt-2018-19-02\"\n                    alt=\"kalyhaslaci.hu-ajandek-cserepkalyha-projekt-2018-19-02\"\n                    src=\"data:image\/svg+xml,%3Csvg%20xmlns%3D%27http%3A%2F%2Fwww.w3.org%2F2000%2Fsvg%27%20width%3D%27240%27%20height%3D%27160%27%20viewBox%3D%270%200%20240%20160%27%3E%3Crect%20width%3D%27240%27%20height%3D%273160%27%20fill-opacity%3D%220%22%2F%3E%3C%2Fsvg%3E\" data-orig-src=\"https:\/\/www.kalyhaslaci.hu\/site\/wp-content\/gallery\/ajandek-cserepkalyha-projekt-2018-19\/thumbs\/thumbs_kalyhaslaci.hu-ajandek-cserepkalyha-projekt-2018-19-02.jpg\"\n                    width=\"240\"\n                    height=\"160\"\n                    style=\"max-width:100%;\"\n                \/>\n            <\/a>\n        <\/div>\n\t\t\t\t\t\t\t<\/div> \n\t\t\t\n        \n\t\t\t\t<div id=\"ngg-image-3\" class=\"ngg-gallery-thumbnail-box\" >\n\t\t\t\t        <div class=\"ngg-gallery-thumbnail\">\n            <a href=\"https:\/\/www.kalyhaslaci.hu\/site\/wp-content\/gallery\/ajandek-cserepkalyha-projekt-2018-19\/kalyhaslaci.hu-ajandek-cserepkalyha-projekt-2018-19-03.jpg\"\n               title=\"CSER\u00c9PK\u00c1LYHA, AJ\u00c1ND\u00c9K CSER\u00c9PK\u00c1LYHA PROJEKT - kalyhaslaci.hu - 2018-19\"\n               data-src=\"https:\/\/www.kalyhaslaci.hu\/site\/wp-content\/gallery\/ajandek-cserepkalyha-projekt-2018-19\/kalyhaslaci.hu-ajandek-cserepkalyha-projekt-2018-19-03.jpg\"\n               data-thumbnail=\"https:\/\/www.kalyhaslaci.hu\/site\/wp-content\/gallery\/ajandek-cserepkalyha-projekt-2018-19\/thumbs\/thumbs_kalyhaslaci.hu-ajandek-cserepkalyha-projekt-2018-19-03.jpg\"\n               data-image-id=\"78\"\n               data-title=\"kalyhaslaci.hu-ajandek-cserepkalyha-projekt-2018-19-03\"\n               data-description=\"CSER\u00c9PK\u00c1LYHA, AJ\u00c1ND\u00c9K CSER\u00c9PK\u00c1LYHA PROJEKT - kalyhaslaci.hu - 2018-19\"\n               data-image-slug=\"kalyhaslaci-hu-ajandek-cserepkalyha-projekt-2018-19-03\"\n               class=\"ngg-simplelightbox\" rel=\"186fb7fcb49353ab6a2a0cefdcc4aba9\">\n                <img\n                    title=\"kalyhaslaci.hu-ajandek-cserepkalyha-projekt-2018-19-03\"\n                    alt=\"kalyhaslaci.hu-ajandek-cserepkalyha-projekt-2018-19-03\"\n                    src=\"data:image\/svg+xml,%3Csvg%20xmlns%3D%27http%3A%2F%2Fwww.w3.org%2F2000%2Fsvg%27%20width%3D%27240%27%20height%3D%27160%27%20viewBox%3D%270%200%20240%20160%27%3E%3Crect%20width%3D%27240%27%20height%3D%273160%27%20fill-opacity%3D%220%22%2F%3E%3C%2Fsvg%3E\" data-orig-src=\"https:\/\/www.kalyhaslaci.hu\/site\/wp-content\/gallery\/ajandek-cserepkalyha-projekt-2018-19\/thumbs\/thumbs_kalyhaslaci.hu-ajandek-cserepkalyha-projekt-2018-19-03.jpg\"\n                    width=\"240\"\n                    height=\"160\"\n                    style=\"max-width:100%;\"\n                \/>\n            <\/a>\n        <\/div>\n\t\t\t\t\t\t\t<\/div> \n\t\t\t\n        \n\t\t\t\t<div id=\"ngg-image-4\" class=\"ngg-gallery-thumbnail-box\" >\n\t\t\t\t        <div class=\"ngg-gallery-thumbnail\">\n            <a href=\"https:\/\/www.kalyhaslaci.hu\/site\/wp-content\/gallery\/ajandek-cserepkalyha-projekt-2018-19\/kalyhaslaci.hu-ajandek-cserepkalyha-projekt-2018-19-04.jpg\"\n               title=\"CSER\u00c9PK\u00c1LYHA, AJ\u00c1ND\u00c9K CSER\u00c9PK\u00c1LYHA PROJEKT - kalyhaslaci.hu - 2018-19\"\n               data-src=\"https:\/\/www.kalyhaslaci.hu\/site\/wp-content\/gallery\/ajandek-cserepkalyha-projekt-2018-19\/kalyhaslaci.hu-ajandek-cserepkalyha-projekt-2018-19-04.jpg\"\n               data-thumbnail=\"https:\/\/www.kalyhaslaci.hu\/site\/wp-content\/gallery\/ajandek-cserepkalyha-projekt-2018-19\/thumbs\/thumbs_kalyhaslaci.hu-ajandek-cserepkalyha-projekt-2018-19-04.jpg\"\n               data-image-id=\"79\"\n               data-title=\"kalyhaslaci.hu-ajandek-cserepkalyha-projekt-2018-19-04\"\n               data-description=\"CSER\u00c9PK\u00c1LYHA, AJ\u00c1ND\u00c9K CSER\u00c9PK\u00c1LYHA PROJEKT - kalyhaslaci.hu - 2018-19\"\n               data-image-slug=\"kalyhaslaci-hu-ajandek-cserepkalyha-projekt-2018-19-04\"\n               class=\"ngg-simplelightbox\" rel=\"186fb7fcb49353ab6a2a0cefdcc4aba9\">\n                <img\n                    title=\"kalyhaslaci.hu-ajandek-cserepkalyha-projekt-2018-19-04\"\n                    alt=\"kalyhaslaci.hu-ajandek-cserepkalyha-projekt-2018-19-04\"\n                    src=\"data:image\/svg+xml,%3Csvg%20xmlns%3D%27http%3A%2F%2Fwww.w3.org%2F2000%2Fsvg%27%20width%3D%27240%27%20height%3D%27160%27%20viewBox%3D%270%200%20240%20160%27%3E%3Crect%20width%3D%27240%27%20height%3D%273160%27%20fill-opacity%3D%220%22%2F%3E%3C%2Fsvg%3E\" data-orig-src=\"https:\/\/www.kalyhaslaci.hu\/site\/wp-content\/gallery\/ajandek-cserepkalyha-projekt-2018-19\/thumbs\/thumbs_kalyhaslaci.hu-ajandek-cserepkalyha-projekt-2018-19-04.jpg\"\n                    width=\"240\"\n                    height=\"160\"\n                    style=\"max-width:100%;\"\n                \/>\n            <\/a>\n        <\/div>\n\t\t\t\t\t\t\t<\/div> \n\t\t\t\n        \n\t\t\t\t<div id=\"ngg-image-5\" class=\"ngg-gallery-thumbnail-box\" >\n\t\t\t\t        <div class=\"ngg-gallery-thumbnail\">\n            <a href=\"https:\/\/www.kalyhaslaci.hu\/site\/wp-content\/gallery\/ajandek-cserepkalyha-projekt-2018-19\/kalyhaslaci.hu-ajandek-cserepkalyha-projekt-2018-19-05.jpg\"\n               title=\"CSER\u00c9PK\u00c1LYHA, AJ\u00c1ND\u00c9K CSER\u00c9PK\u00c1LYHA PROJEKT - kalyhaslaci.hu - 2018-19\"\n               data-src=\"https:\/\/www.kalyhaslaci.hu\/site\/wp-content\/gallery\/ajandek-cserepkalyha-projekt-2018-19\/kalyhaslaci.hu-ajandek-cserepkalyha-projekt-2018-19-05.jpg\"\n               data-thumbnail=\"https:\/\/www.kalyhaslaci.hu\/site\/wp-content\/gallery\/ajandek-cserepkalyha-projekt-2018-19\/thumbs\/thumbs_kalyhaslaci.hu-ajandek-cserepkalyha-projekt-2018-19-05.jpg\"\n               data-image-id=\"80\"\n               data-title=\"kalyhaslaci.hu-ajandek-cserepkalyha-projekt-2018-19-05\"\n               data-description=\"CSER\u00c9PK\u00c1LYHA, AJ\u00c1ND\u00c9K CSER\u00c9PK\u00c1LYHA PROJEKT - kalyhaslaci.hu - 2018-19\"\n               data-image-slug=\"kalyhaslaci-hu-ajandek-cserepkalyha-projekt-2018-19-05\"\n               class=\"ngg-simplelightbox\" rel=\"186fb7fcb49353ab6a2a0cefdcc4aba9\">\n                <img\n                    title=\"kalyhaslaci.hu-ajandek-cserepkalyha-projekt-2018-19-05\"\n                    alt=\"kalyhaslaci.hu-ajandek-cserepkalyha-projekt-2018-19-05\"\n                    src=\"data:image\/svg+xml,%3Csvg%20xmlns%3D%27http%3A%2F%2Fwww.w3.org%2F2000%2Fsvg%27%20width%3D%27240%27%20height%3D%27160%27%20viewBox%3D%270%200%20240%20160%27%3E%3Crect%20width%3D%27240%27%20height%3D%273160%27%20fill-opacity%3D%220%22%2F%3E%3C%2Fsvg%3E\" data-orig-src=\"https:\/\/www.kalyhaslaci.hu\/site\/wp-content\/gallery\/ajandek-cserepkalyha-projekt-2018-19\/thumbs\/thumbs_kalyhaslaci.hu-ajandek-cserepkalyha-projekt-2018-19-05.jpg\"\n                    width=\"240\"\n                    height=\"160\"\n                    style=\"max-width:100%;\"\n                \/>\n            <\/a>\n        <\/div>\n\t\t\t\t\t\t\t<\/div> \n\t\t\t\n        \n\t\t\t\t<div id=\"ngg-image-6\" class=\"ngg-gallery-thumbnail-box\" >\n\t\t\t\t        <div class=\"ngg-gallery-thumbnail\">\n            <a href=\"https:\/\/www.kalyhaslaci.hu\/site\/wp-content\/gallery\/ajandek-cserepkalyha-projekt-2018-19\/kalyhaslaci.hu-ajandek-cserepkalyha-projekt-2018-19-06.jpg\"\n               title=\"CSER\u00c9PK\u00c1LYHA, AJ\u00c1ND\u00c9K CSER\u00c9PK\u00c1LYHA PROJEKT - kalyhaslaci.hu - 2018-19\"\n               data-src=\"https:\/\/www.kalyhaslaci.hu\/site\/wp-content\/gallery\/ajandek-cserepkalyha-projekt-2018-19\/kalyhaslaci.hu-ajandek-cserepkalyha-projekt-2018-19-06.jpg\"\n               data-thumbnail=\"https:\/\/www.kalyhaslaci.hu\/site\/wp-content\/gallery\/ajandek-cserepkalyha-projekt-2018-19\/thumbs\/thumbs_kalyhaslaci.hu-ajandek-cserepkalyha-projekt-2018-19-06.jpg\"\n               data-image-id=\"81\"\n               data-title=\"kalyhaslaci.hu-ajandek-cserepkalyha-projekt-2018-19-06\"\n               data-description=\"CSER\u00c9PK\u00c1LYHA, AJ\u00c1ND\u00c9K CSER\u00c9PK\u00c1LYHA PROJEKT - kalyhaslaci.hu - 2018-19\"\n               data-image-slug=\"kalyhaslaci-hu-ajandek-cserepkalyha-projekt-2018-19-06\"\n               class=\"ngg-simplelightbox\" rel=\"186fb7fcb49353ab6a2a0cefdcc4aba9\">\n                <img\n                    title=\"kalyhaslaci.hu-ajandek-cserepkalyha-projekt-2018-19-06\"\n                    alt=\"kalyhaslaci.hu-ajandek-cserepkalyha-projekt-2018-19-06\"\n                    src=\"data:image\/svg+xml,%3Csvg%20xmlns%3D%27http%3A%2F%2Fwww.w3.org%2F2000%2Fsvg%27%20width%3D%27240%27%20height%3D%27160%27%20viewBox%3D%270%200%20240%20160%27%3E%3Crect%20width%3D%27240%27%20height%3D%273160%27%20fill-opacity%3D%220%22%2F%3E%3C%2Fsvg%3E\" data-orig-src=\"https:\/\/www.kalyhaslaci.hu\/site\/wp-content\/gallery\/ajandek-cserepkalyha-projekt-2018-19\/thumbs\/thumbs_kalyhaslaci.hu-ajandek-cserepkalyha-projekt-2018-19-06.jpg\"\n                    width=\"240\"\n                    height=\"160\"\n                    style=\"max-width:100%;\"\n                \/>\n            <\/a>\n        <\/div>\n\t\t\t\t\t\t\t<\/div> \n\t\t\t\n        \n\t\t\t\t<div id=\"ngg-image-7\" class=\"ngg-gallery-thumbnail-box\" >\n\t\t\t\t        <div class=\"ngg-gallery-thumbnail\">\n            <a href=\"https:\/\/www.kalyhaslaci.hu\/site\/wp-content\/gallery\/ajandek-cserepkalyha-projekt-2018-19\/kalyhaslaci.hu-ajandek-cserepkalyha-projekt-2018-19-07.jpg\"\n               title=\"CSER\u00c9PK\u00c1LYHA, AJ\u00c1ND\u00c9K CSER\u00c9PK\u00c1LYHA PROJEKT - kalyhaslaci.hu - 2018-19\"\n               data-src=\"https:\/\/www.kalyhaslaci.hu\/site\/wp-content\/gallery\/ajandek-cserepkalyha-projekt-2018-19\/kalyhaslaci.hu-ajandek-cserepkalyha-projekt-2018-19-07.jpg\"\n               data-thumbnail=\"https:\/\/www.kalyhaslaci.hu\/site\/wp-content\/gallery\/ajandek-cserepkalyha-projekt-2018-19\/thumbs\/thumbs_kalyhaslaci.hu-ajandek-cserepkalyha-projekt-2018-19-07.jpg\"\n               data-image-id=\"82\"\n               data-title=\"kalyhaslaci.hu-ajandek-cserepkalyha-projekt-2018-19-07\"\n               data-description=\"CSER\u00c9PK\u00c1LYHA, AJ\u00c1ND\u00c9K CSER\u00c9PK\u00c1LYHA PROJEKT - kalyhaslaci.hu - 2018-19\"\n               data-image-slug=\"kalyhaslaci-hu-ajandek-cserepkalyha-projekt-2018-19-07\"\n               class=\"ngg-simplelightbox\" rel=\"186fb7fcb49353ab6a2a0cefdcc4aba9\">\n                <img\n                    title=\"kalyhaslaci.hu-ajandek-cserepkalyha-projekt-2018-19-07\"\n                    alt=\"kalyhaslaci.hu-ajandek-cserepkalyha-projekt-2018-19-07\"\n                    src=\"data:image\/svg+xml,%3Csvg%20xmlns%3D%27http%3A%2F%2Fwww.w3.org%2F2000%2Fsvg%27%20width%3D%27240%27%20height%3D%27160%27%20viewBox%3D%270%200%20240%20160%27%3E%3Crect%20width%3D%27240%27%20height%3D%273160%27%20fill-opacity%3D%220%22%2F%3E%3C%2Fsvg%3E\" data-orig-src=\"https:\/\/www.kalyhaslaci.hu\/site\/wp-content\/gallery\/ajandek-cserepkalyha-projekt-2018-19\/thumbs\/thumbs_kalyhaslaci.hu-ajandek-cserepkalyha-projekt-2018-19-07.jpg\"\n                    width=\"240\"\n                    height=\"160\"\n                    style=\"max-width:100%;\"\n                \/>\n            <\/a>\n        <\/div>\n\t\t\t\t\t\t\t<\/div> \n\t\t\t\n        \n\t\t\t\t<div id=\"ngg-image-8\" class=\"ngg-gallery-thumbnail-box\" >\n\t\t\t\t        <div class=\"ngg-gallery-thumbnail\">\n            <a href=\"https:\/\/www.kalyhaslaci.hu\/site\/wp-content\/gallery\/ajandek-cserepkalyha-projekt-2018-19\/kalyhaslaci.hu-ajandek-cserepkalyha-projekt-2018-19-08.jpg\"\n               title=\"CSER\u00c9PK\u00c1LYHA, AJ\u00c1ND\u00c9K CSER\u00c9PK\u00c1LYHA PROJEKT - kalyhaslaci.hu - 2018-19\"\n               data-src=\"https:\/\/www.kalyhaslaci.hu\/site\/wp-content\/gallery\/ajandek-cserepkalyha-projekt-2018-19\/kalyhaslaci.hu-ajandek-cserepkalyha-projekt-2018-19-08.jpg\"\n               data-thumbnail=\"https:\/\/www.kalyhaslaci.hu\/site\/wp-content\/gallery\/ajandek-cserepkalyha-projekt-2018-19\/thumbs\/thumbs_kalyhaslaci.hu-ajandek-cserepkalyha-projekt-2018-19-08.jpg\"\n               data-image-id=\"83\"\n               data-title=\"kalyhaslaci.hu-ajandek-cserepkalyha-projekt-2018-19-08\"\n               data-description=\"CSER\u00c9PK\u00c1LYHA, AJ\u00c1ND\u00c9K CSER\u00c9PK\u00c1LYHA PROJEKT - kalyhaslaci.hu - 2018-19\"\n               data-image-slug=\"kalyhaslaci-hu-ajandek-cserepkalyha-projekt-2018-19-08\"\n               class=\"ngg-simplelightbox\" rel=\"186fb7fcb49353ab6a2a0cefdcc4aba9\">\n                <img\n                    title=\"kalyhaslaci.hu-ajandek-cserepkalyha-projekt-2018-19-08\"\n                    alt=\"kalyhaslaci.hu-ajandek-cserepkalyha-projekt-2018-19-08\"\n                    src=\"data:image\/svg+xml,%3Csvg%20xmlns%3D%27http%3A%2F%2Fwww.w3.org%2F2000%2Fsvg%27%20width%3D%27240%27%20height%3D%27160%27%20viewBox%3D%270%200%20240%20160%27%3E%3Crect%20width%3D%27240%27%20height%3D%273160%27%20fill-opacity%3D%220%22%2F%3E%3C%2Fsvg%3E\" data-orig-src=\"https:\/\/www.kalyhaslaci.hu\/site\/wp-content\/gallery\/ajandek-cserepkalyha-projekt-2018-19\/thumbs\/thumbs_kalyhaslaci.hu-ajandek-cserepkalyha-projekt-2018-19-08.jpg\"\n                    width=\"240\"\n                    height=\"160\"\n                    style=\"max-width:100%;\"\n                \/>\n            <\/a>\n        <\/div>\n\t\t\t\t\t\t\t<\/div> \n\t\t\t\n        \n\t\t\t\t<div id=\"ngg-image-9\" class=\"ngg-gallery-thumbnail-box\" >\n\t\t\t\t        <div class=\"ngg-gallery-thumbnail\">\n            <a href=\"https:\/\/www.kalyhaslaci.hu\/site\/wp-content\/gallery\/ajandek-cserepkalyha-projekt-2018-19\/kalyhaslaci.hu-ajandek-cserepkalyha-projekt-2018-19-09.jpg\"\n               title=\"CSER\u00c9PK\u00c1LYHA, AJ\u00c1ND\u00c9K CSER\u00c9PK\u00c1LYHA PROJEKT - kalyhaslaci.hu - 2018-19\"\n               data-src=\"https:\/\/www.kalyhaslaci.hu\/site\/wp-content\/gallery\/ajandek-cserepkalyha-projekt-2018-19\/kalyhaslaci.hu-ajandek-cserepkalyha-projekt-2018-19-09.jpg\"\n               data-thumbnail=\"https:\/\/www.kalyhaslaci.hu\/site\/wp-content\/gallery\/ajandek-cserepkalyha-projekt-2018-19\/thumbs\/thumbs_kalyhaslaci.hu-ajandek-cserepkalyha-projekt-2018-19-09.jpg\"\n               data-image-id=\"84\"\n               data-title=\"kalyhaslaci.hu-ajandek-cserepkalyha-projekt-2018-19-09\"\n               data-description=\"CSER\u00c9PK\u00c1LYHA, AJ\u00c1ND\u00c9K CSER\u00c9PK\u00c1LYHA PROJEKT - kalyhaslaci.hu - 2018-19\"\n               data-image-slug=\"kalyhaslaci-hu-ajandek-cserepkalyha-projekt-2018-19-09\"\n               class=\"ngg-simplelightbox\" rel=\"186fb7fcb49353ab6a2a0cefdcc4aba9\">\n                <img\n                    title=\"kalyhaslaci.hu-ajandek-cserepkalyha-projekt-2018-19-09\"\n                    alt=\"kalyhaslaci.hu-ajandek-cserepkalyha-projekt-2018-19-09\"\n                    src=\"data:image\/svg+xml,%3Csvg%20xmlns%3D%27http%3A%2F%2Fwww.w3.org%2F2000%2Fsvg%27%20width%3D%27240%27%20height%3D%27160%27%20viewBox%3D%270%200%20240%20160%27%3E%3Crect%20width%3D%27240%27%20height%3D%273160%27%20fill-opacity%3D%220%22%2F%3E%3C%2Fsvg%3E\" data-orig-src=\"https:\/\/www.kalyhaslaci.hu\/site\/wp-content\/gallery\/ajandek-cserepkalyha-projekt-2018-19\/thumbs\/thumbs_kalyhaslaci.hu-ajandek-cserepkalyha-projekt-2018-19-09.jpg\"\n                    width=\"240\"\n                    height=\"160\"\n                    style=\"max-width:100%;\"\n                \/>\n            <\/a>\n        <\/div>\n\t\t\t\t\t\t\t<\/div> \n\t\t\t\n        \n\t\t\t\t<div id=\"ngg-image-10\" class=\"ngg-gallery-thumbnail-box\" >\n\t\t\t\t        <div class=\"ngg-gallery-thumbnail\">\n            <a href=\"https:\/\/www.kalyhaslaci.hu\/site\/wp-content\/gallery\/ajandek-cserepkalyha-projekt-2018-19\/kalyhaslaci.hu-ajandek-cserepkalyha-projekt-2018-19-10-1.jpg\"\n               title=\"CSER\u00c9PK\u00c1LYHA, AJ\u00c1ND\u00c9K CSER\u00c9PK\u00c1LYHA PROJEKT - kalyhaslaci.hu - 2018-19\"\n               data-src=\"https:\/\/www.kalyhaslaci.hu\/site\/wp-content\/gallery\/ajandek-cserepkalyha-projekt-2018-19\/kalyhaslaci.hu-ajandek-cserepkalyha-projekt-2018-19-10-1.jpg\"\n               data-thumbnail=\"https:\/\/www.kalyhaslaci.hu\/site\/wp-content\/gallery\/ajandek-cserepkalyha-projekt-2018-19\/thumbs\/thumbs_kalyhaslaci.hu-ajandek-cserepkalyha-projekt-2018-19-10-1.jpg\"\n               data-image-id=\"85\"\n               data-title=\"kalyhaslaci.hu-ajandek-cserepkalyha-projekt-2018-19-10-1\"\n               data-description=\"CSER\u00c9PK\u00c1LYHA, AJ\u00c1ND\u00c9K CSER\u00c9PK\u00c1LYHA PROJEKT - kalyhaslaci.hu - 2018-19\"\n               data-image-slug=\"kalyhaslaci-hu-ajandek-cserepkalyha-projekt-2018-19-10-1\"\n               class=\"ngg-simplelightbox\" rel=\"186fb7fcb49353ab6a2a0cefdcc4aba9\">\n                <img\n                    title=\"kalyhaslaci.hu-ajandek-cserepkalyha-projekt-2018-19-10-1\"\n                    alt=\"kalyhaslaci.hu-ajandek-cserepkalyha-projekt-2018-19-10-1\"\n                    src=\"data:image\/svg+xml,%3Csvg%20xmlns%3D%27http%3A%2F%2Fwww.w3.org%2F2000%2Fsvg%27%20width%3D%27240%27%20height%3D%27160%27%20viewBox%3D%270%200%20240%20160%27%3E%3Crect%20width%3D%27240%27%20height%3D%273160%27%20fill-opacity%3D%220%22%2F%3E%3C%2Fsvg%3E\" data-orig-src=\"https:\/\/www.kalyhaslaci.hu\/site\/wp-content\/gallery\/ajandek-cserepkalyha-projekt-2018-19\/thumbs\/thumbs_kalyhaslaci.hu-ajandek-cserepkalyha-projekt-2018-19-10-1.jpg\"\n                    width=\"240\"\n                    height=\"160\"\n                    style=\"max-width:100%;\"\n                \/>\n            <\/a>\n        <\/div>\n\t\t\t\t\t\t\t<\/div> \n\t\t\t\n        \n\t\t\n\t\t<div class=\"ngg-clear\"><\/div>\n\t<\/div>\n\t\t\t\t\t<\/div>\n\t\t\t\t\t\t<\/div>\n\t\t\t\t<\/div>\n\t\t\t\t\t\t<\/div>\n\t\t\t\t\t<\/div>\n\t\t<\/div>\n\t\t\t\t\t\t\t\t<\/div>\n\t\t\t\t\t<\/div>\n\t\t<\/section>\n\t\t\t\t\t\t<\/div>\n\t\t\t\t\t\t<\/div>\n\t\t\t\t\t<\/div>\n\t\t","protected":false},"excerpt":{"rendered":"<p>Novemberben jelezte a T\u00fcnd\u00e9rpakk alap\u00edtv\u00e1ny, hogy egy 9 gyermekes csal\u00e1dnak nagy sz\u00fcks\u00e9ge lenne egy cser\u00e9pk\u00e1lyh\u00e1ra, mely meg\u00e9p\u00edt\u00e9s\u00e9hez minden seg\u00edteni sz\u00e1nd\u00e9koz\u00f3 jelentkez\u00e9s\u00e9t v\u00e1rj\u00e1k! K\u00e9t alkalommal m\u00e1r \u00e9p\u00edtettem koll\u00e9g\u00e1im seg\u00edts\u00e9g\u00e9vel aj\u00e1nd\u00e9k cser\u00e9pk\u00e1lyh\u00e1t. Akkor mi hirdett\u00fck meg a jelentkez\u00e9si lehet\u0151s\u00e9get, \u00e9s sorsol\u00e1ssal v\u00e1lasztottuk ki a szerencs\u00e9s csal\u00e1dot. Most viszont az alap\u00edtv\u00e1ny k\u00e9rt seg\u00edts\u00e9get. Nagy \u00f6r\u00f6mmel v\u00e1llaltam, hogy seg\u00edtek. [&hellip;]<\/p>\n","protected":false},"author":1,"featured_media":6048,"comment_status":"closed","ping_status":"closed","sticky":false,"template":"","format":"standard","meta":{"ngg_post_thumbnail":0},"categories":[129,56,49],"tags":[130,131,77,135,78,58,132,134,133,136],"yoast_head":"<!-- This site is optimized with the Yoast SEO plugin v16.5 - https:\/\/yoast.com\/wordpress\/plugins\/seo\/ -->\n<title>Aj\u00e1nd\u00e9k cser\u00e9pk\u00e1lyha 2018-19 &raquo; K\u00e1lyh\u00e1s Laci<\/title>\n<meta name=\"description\" content=\"CSER\u00c9PK\u00c1LYHA, ANTIK CSER\u00c9PK\u00c1LYHA fat\u00fczel\u00e9s\u0171, g\u00e1z\u00fczem\u0171 vagy \u00d6KO t\u0171zteres \u00e9p\u00edt\u00e9s, tiszt\u00edt\u00e1s, karbantart\u00e1s, \u00e1t\u00e9p\u00edt\u00e9s az orsz\u00e1g eg\u00e9sz ter\u00fclet\u00e9n kedvez\u0151 \u00e1ron!\" \/>\n<meta name=\"robots\" content=\"index, follow, max-snippet:-1, max-image-preview:large, max-video-preview:-1\" \/>\n<link rel=\"canonical\" href=\"https:\/\/www.kalyhaslaci.hu\/site\/ajandek-cserepkalyha-projekt-2018-19\/\" \/>\n<meta property=\"og:locale\" content=\"hu_HU\" \/>\n<meta property=\"og:type\" content=\"article\" \/>\n<meta property=\"og:title\" content=\"Aj\u00e1nd\u00e9k cser\u00e9pk\u00e1lyha 2018-19 &raquo; K\u00e1lyh\u00e1s Laci\" \/>\n<meta property=\"og:description\" content=\"CSER\u00c9PK\u00c1LYHA, ANTIK CSER\u00c9PK\u00c1LYHA fat\u00fczel\u00e9s\u0171, g\u00e1z\u00fczem\u0171 vagy \u00d6KO t\u0171zteres \u00e9p\u00edt\u00e9s, tiszt\u00edt\u00e1s, karbantart\u00e1s, \u00e1t\u00e9p\u00edt\u00e9s az orsz\u00e1g eg\u00e9sz ter\u00fclet\u00e9n kedvez\u0151 \u00e1ron!\" \/>\n<meta property=\"og:url\" content=\"https:\/\/www.kalyhaslaci.hu\/site\/ajandek-cserepkalyha-projekt-2018-19\/\" \/>\n<meta property=\"og:site_name\" content=\"K\u00e1lyh\u00e1s Laci\" \/>\n<meta property=\"article:publisher\" content=\"https:\/\/www.facebook.com\/levai.cserepkalyha.epites\" \/>\n<meta property=\"article:published_time\" content=\"2019-02-23T15:17:32+00:00\" \/>\n<meta property=\"article:modified_time\" content=\"2021-03-03T08:21:20+00:00\" \/>\n<meta property=\"og:image\" content=\"https:\/\/www.kalyhaslaci.hu\/site\/wp-content\/uploads\/2019\/06\/kalyhaslaci.hu-ajandek-cserepkalyha-projekt-2018-19-7-768x1024.jpg\" \/>\n\t<meta property=\"og:image:width\" content=\"768\" \/>\n\t<meta property=\"og:image:height\" content=\"1024\" \/>\n<meta name=\"twitter:card\" content=\"summary_large_image\" \/>\n<meta name=\"twitter:label1\" content=\"Becs\u00fclt olvas\u00e1si id\u0151\" \/>\n\t<meta name=\"twitter:data1\" content=\"2 perc\" \/>\n<script type=\"application\/ld+json\" class=\"yoast-schema-graph\">{\"@context\":\"https:\/\/schema.org\",\"@graph\":[{\"@type\":\"Organization\",\"@id\":\"https:\/\/www.kalyhaslaci.hu\/site\/#organization\",\"name\":\"L\\u00e9vai cser\\u00e9pk\\u00e1lyha | kalyhaslaci.hu\",\"url\":\"https:\/\/www.kalyhaslaci.hu\/site\/\",\"sameAs\":[\"https:\/\/www.facebook.com\/levai.cserepkalyha.epites\",\"https:\/\/www.instagram.com\/kalyhaslaci\/\",\"https:\/\/www.linkedin.com\/in\/l\\u00e9vai-l\\u00e1szl\\u00f3-2161b3188\/\",\"https:\/\/www.youtube.com\/channel\/UCU4-NS9FYkFXKQvpbOHIWhg\",\"https:\/\/hu.pinterest.com\/kalyhaslaci\/\"],\"logo\":{\"@type\":\"ImageObject\",\"@id\":\"https:\/\/www.kalyhaslaci.hu\/site\/#logo\",\"inLanguage\":\"hu\",\"url\":\"https:\/\/www.kalyhaslaci.hu\/site\/wp-content\/uploads\/2019\/06\/cserepkalyha-keszites-logo-200x200px.png\",\"contentUrl\":\"https:\/\/www.kalyhaslaci.hu\/site\/wp-content\/uploads\/2019\/06\/cserepkalyha-keszites-logo-200x200px.png\",\"width\":140,\"height\":140,\"caption\":\"L\\u00e9vai cser\\u00e9pk\\u00e1lyha | kalyhaslaci.hu\"},\"image\":{\"@id\":\"https:\/\/www.kalyhaslaci.hu\/site\/#logo\"}},{\"@type\":\"WebSite\",\"@id\":\"https:\/\/www.kalyhaslaci.hu\/site\/#website\",\"url\":\"https:\/\/www.kalyhaslaci.hu\/site\/\",\"name\":\"kalyhaslaci.hu\",\"description\":\"L\\u00e9vai L\\u00e1szl\\u00f3: Min\\u0151s\\u00e9gi cser\\u00e9pk\\u00e1lyha, kandall\\u00f3, kemence, kerti konyha tervez\\u00e9s, \\u00e9p\\u00edt\\u00e9s, bont\\u00e1s, karbantart\\u00e1s | kalyhaslaci.hu\",\"publisher\":{\"@id\":\"https:\/\/www.kalyhaslaci.hu\/site\/#organization\"},\"potentialAction\":[{\"@type\":\"SearchAction\",\"target\":\"https:\/\/www.kalyhaslaci.hu\/site\/?s={search_term_string}\",\"query-input\":\"required name=search_term_string\"}],\"inLanguage\":\"hu\"},{\"@type\":\"ImageObject\",\"@id\":\"https:\/\/www.kalyhaslaci.hu\/site\/ajandek-cserepkalyha-projekt-2018-19\/#primaryimage\",\"inLanguage\":\"hu\",\"url\":\"https:\/\/www.kalyhaslaci.hu\/site\/wp-content\/uploads\/2019\/06\/kalyhaslaci.hu-ajandek-cserepkalyha-projekt-2018-19-7.jpg\",\"contentUrl\":\"https:\/\/www.kalyhaslaci.hu\/site\/wp-content\/uploads\/2019\/06\/kalyhaslaci.hu-ajandek-cserepkalyha-projekt-2018-19-7.jpg\",\"width\":3096,\"height\":4128},{\"@type\":\"WebPage\",\"@id\":\"https:\/\/www.kalyhaslaci.hu\/site\/ajandek-cserepkalyha-projekt-2018-19\/#webpage\",\"url\":\"https:\/\/www.kalyhaslaci.hu\/site\/ajandek-cserepkalyha-projekt-2018-19\/\",\"name\":\"Aj\\u00e1nd\\u00e9k cser\\u00e9pk\\u00e1lyha 2018-19 &raquo; K\\u00e1lyh\\u00e1s Laci\",\"isPartOf\":{\"@id\":\"https:\/\/www.kalyhaslaci.hu\/site\/#website\"},\"primaryImageOfPage\":{\"@id\":\"https:\/\/www.kalyhaslaci.hu\/site\/ajandek-cserepkalyha-projekt-2018-19\/#primaryimage\"},\"datePublished\":\"2019-02-23T15:17:32+00:00\",\"dateModified\":\"2021-03-03T08:21:20+00:00\",\"description\":\"CSER\\u00c9PK\\u00c1LYHA, ANTIK CSER\\u00c9PK\\u00c1LYHA fat\\u00fczel\\u00e9s\\u0171, g\\u00e1z\\u00fczem\\u0171 vagy \\u00d6KO t\\u0171zteres \\u00e9p\\u00edt\\u00e9s, tiszt\\u00edt\\u00e1s, karbantart\\u00e1s, \\u00e1t\\u00e9p\\u00edt\\u00e9s az orsz\\u00e1g eg\\u00e9sz ter\\u00fclet\\u00e9n kedvez\\u0151 \\u00e1ron!\",\"breadcrumb\":{\"@id\":\"https:\/\/www.kalyhaslaci.hu\/site\/ajandek-cserepkalyha-projekt-2018-19\/#breadcrumb\"},\"inLanguage\":\"hu\",\"potentialAction\":[{\"@type\":\"ReadAction\",\"target\":[\"https:\/\/www.kalyhaslaci.hu\/site\/ajandek-cserepkalyha-projekt-2018-19\/\"]}]},{\"@type\":\"BreadcrumbList\",\"@id\":\"https:\/\/www.kalyhaslaci.hu\/site\/ajandek-cserepkalyha-projekt-2018-19\/#breadcrumb\",\"itemListElement\":[{\"@type\":\"ListItem\",\"position\":1,\"name\":\"Home\",\"item\":\"https:\/\/www.kalyhaslaci.hu\/site\/\"},{\"@type\":\"ListItem\",\"position\":2,\"name\":\"Aj\\u00e1nd\\u00e9k cser\\u00e9pk\\u00e1lyha 2018-19\"}]},{\"@type\":\"Article\",\"@id\":\"https:\/\/www.kalyhaslaci.hu\/site\/ajandek-cserepkalyha-projekt-2018-19\/#article\",\"isPartOf\":{\"@id\":\"https:\/\/www.kalyhaslaci.hu\/site\/ajandek-cserepkalyha-projekt-2018-19\/#webpage\"},\"author\":{\"@id\":\"https:\/\/www.kalyhaslaci.hu\/site\/#\/schema\/person\/457c878ae6dc8f17b89133b3c1e2ca21\"},\"headline\":\"Aj\\u00e1nd\\u00e9k cser\\u00e9pk\\u00e1lyha 2018-19\",\"datePublished\":\"2019-02-23T15:17:32+00:00\",\"dateModified\":\"2021-03-03T08:21:20+00:00\",\"mainEntityOfPage\":{\"@id\":\"https:\/\/www.kalyhaslaci.hu\/site\/ajandek-cserepkalyha-projekt-2018-19\/#webpage\"},\"wordCount\":385,\"publisher\":{\"@id\":\"https:\/\/www.kalyhaslaci.hu\/site\/#organization\"},\"image\":{\"@id\":\"https:\/\/www.kalyhaslaci.hu\/site\/ajandek-cserepkalyha-projekt-2018-19\/#primaryimage\"},\"thumbnailUrl\":\"https:\/\/www.kalyhaslaci.hu\/site\/wp-content\/uploads\/2019\/06\/kalyhaslaci.hu-ajandek-cserepkalyha-projekt-2018-19-7.jpg\",\"keywords\":[\"aj\\u00e1nd\\u00e9k\",\"alap\\u00edtv\\u00e1ny\",\"cser\\u00e9pk\\u00e1lyha\",\"j\\u00f3t\\u00e9konys\\u00e1g\",\"k\\u00e1lyha\",\"kalyhaslaci\",\"l\\u00e9vai l\\u00e1szl\\u00f3\",\"samot.hu\",\"Sz\\u00e9cs\\u00e9nyi Tibor\",\"t\\u00fcnd\\u00e9rpakk\"],\"articleSection\":[\"Aj\\u00e1nd\\u00e9k cser\\u00e9pk\\u00e1lyha\",\"Blog\",\"Cser\\u00e9pk\\u00e1lyha\"],\"inLanguage\":\"hu\"},{\"@type\":\"Person\",\"@id\":\"https:\/\/www.kalyhaslaci.hu\/site\/#\/schema\/person\/457c878ae6dc8f17b89133b3c1e2ca21\",\"name\":\"siteeditor69\",\"image\":{\"@type\":\"ImageObject\",\"@id\":\"https:\/\/www.kalyhaslaci.hu\/site\/#personlogo\",\"inLanguage\":\"hu\",\"url\":\"https:\/\/secure.gravatar.com\/avatar\/034e608571baf6dfab7e93a1c59ba972?s=96&d=mm&r=g\",\"contentUrl\":\"https:\/\/secure.gravatar.com\/avatar\/034e608571baf6dfab7e93a1c59ba972?s=96&d=mm&r=g\",\"caption\":\"siteeditor69\"},\"url\":\"https:\/\/www.kalyhaslaci.hu\/site\/author\/siteeditor69\/\"}]}<\/script>\n<!-- \/ Yoast SEO plugin. -->","_links":{"self":[{"href":"https:\/\/www.kalyhaslaci.hu\/site\/wp-json\/wp\/v2\/posts\/6045"}],"collection":[{"href":"https:\/\/www.kalyhaslaci.hu\/site\/wp-json\/wp\/v2\/posts"}],"about":[{"href":"https:\/\/www.kalyhaslaci.hu\/site\/wp-json\/wp\/v2\/types\/post"}],"author":[{"embeddable":true,"href":"https:\/\/www.kalyhaslaci.hu\/site\/wp-json\/wp\/v2\/users\/1"}],"replies":[{"embeddable":true,"href":"https:\/\/www.kalyhaslaci.hu\/site\/wp-json\/wp\/v2\/comments?post=6045"}],"version-history":[{"count":7,"href":"https:\/\/www.kalyhaslaci.hu\/site\/wp-json\/wp\/v2\/posts\/6045\/revisions"}],"predecessor-version":[{"id":18279,"href":"https:\/\/www.kalyhaslaci.hu\/site\/wp-json\/wp\/v2\/posts\/6045\/revisions\/18279"}],"wp:featuredmedia":[{"embeddable":true,"href":"https:\/\/www.kalyhaslaci.hu\/site\/wp-json\/wp\/v2\/media\/6048"}],"wp:attachment":[{"href":"https:\/\/www.kalyhaslaci.hu\/site\/wp-json\/wp\/v2\/media?parent=6045"}],"wp:term":[{"taxonomy":"category","embeddable":true,"href":"https:\/\/www.kalyhaslaci.hu\/site\/wp-json\/wp\/v2\/categories?post=6045"},{"taxonomy":"post_tag","embeddable":true,"href":"https:\/\/www.kalyhaslaci.hu\/site\/wp-json\/wp\/v2\/tags?post=6045"}],"curies":[{"name":"wp","href":"https:\/\/api.w.org\/{rel}","templated":true}]}}