{"id":9589,"date":"2019-08-31T10:09:59","date_gmt":"2019-08-31T08:09:59","guid":{"rendered":"https:\/\/www.kalyhaslaci.hu\/site\/?p=9589"},"modified":"2019-08-31T10:20:20","modified_gmt":"2019-08-31T08:20:20","slug":"kerti-konya-kalyhaslaci-hu-modra","status":"publish","type":"post","link":"https:\/\/www.kalyhaslaci.hu\/site\/kerti-konya-kalyhaslaci-hu-modra\/","title":{"rendered":"Egy kis kertikonyha kalyhaslaci.hu m\u00f3dra"},"content":{"rendered":"\n<p>Lefestve, fa bek\u00e9sz\u00edtve, indulhat a tesztel\u00e9s! <br>K\u00f6sz\u00f6n\u00f6m a megrendel\u0151mnek, hogy elk\u00fcldte ezt a k\u00e9pet!<br><em><strong>Kerti konyha tervez\u00e9st\u0151l a kivitelez\u00e9sig a megrendel\u0151 ig\u00e9nyei szerint korrekt \u00e1ron r\u00f6vid hat\u00e1rid\u0151vel. &#8211; kalyhaslaci.hu<\/strong><\/em><br><em>(tervez\u00e9s, kivitelez\u00e9s, kerti konyha, tan\u00e1csad\u00e1s)<\/em><\/p>\n","protected":false},"excerpt":{"rendered":"<p>Lefestve, fa bek\u00e9sz\u00edtve, indulhat a tesztel\u00e9s! K\u00f6sz\u00f6n\u00f6m a megrendel\u0151mnek, hogy elk\u00fcldte ezt a k\u00e9pet!Kerti konyha tervez\u00e9st\u0151l a kivitelez\u00e9sig a megrendel\u0151 ig\u00e9nyei szerint korrekt \u00e1ron r\u00f6vid hat\u00e1rid\u0151vel. &#8211; kalyhaslaci.hu(tervez\u00e9s, kivitelez\u00e9s, kerti konyha, tan\u00e1csad\u00e1s)<\/p>\n","protected":false},"author":1,"featured_media":9591,"comment_status":"closed","ping_status":"open","sticky":false,"template":"","format":"standard","meta":{"ngg_post_thumbnail":0},"categories":[56,55,52],"tags":[57,59,64],"yoast_head":"<!-- This site is optimized with the Yoast SEO plugin v16.5 - https:\/\/yoast.com\/wordpress\/plugins\/seo\/ -->\n<title>Egy kis kertikonyha kalyhaslaci.hu m\u00f3dra &raquo; K\u00e1lyh\u00e1s Laci<\/title>\n<meta name=\"description\" content=\"Kerti konyha tervez\u00e9st\u0151l a kivitelez\u00e9sig a megrendel\u0151 ig\u00e9nyei szerint korrekt \u00e1ron r\u00f6vid hat\u00e1rid\u0151vel. (tervez\u00e9s, kivitelez\u00e9s, kerti konyha, tan\u00e1csad\u00e1s)\" \/>\n<meta name=\"robots\" content=\"index, follow, max-snippet:-1, max-image-preview:large, max-video-preview:-1\" \/>\n<link rel=\"canonical\" href=\"https:\/\/www.kalyhaslaci.hu\/site\/kerti-konya-kalyhaslaci-hu-modra\/\" \/>\n<meta property=\"og:locale\" content=\"hu_HU\" \/>\n<meta property=\"og:type\" content=\"article\" \/>\n<meta property=\"og:title\" content=\"Egy kis kertikonyha kalyhaslaci.hu m\u00f3dra &raquo; K\u00e1lyh\u00e1s Laci\" \/>\n<meta property=\"og:description\" content=\"Kerti konyha tervez\u00e9st\u0151l a kivitelez\u00e9sig a megrendel\u0151 ig\u00e9nyei szerint korrekt \u00e1ron r\u00f6vid hat\u00e1rid\u0151vel. (tervez\u00e9s, kivitelez\u00e9s, kerti konyha, tan\u00e1csad\u00e1s)\" \/>\n<meta property=\"og:url\" content=\"https:\/\/www.kalyhaslaci.hu\/site\/kerti-konya-kalyhaslaci-hu-modra\/\" \/>\n<meta property=\"og:site_name\" content=\"K\u00e1lyh\u00e1s Laci\" \/>\n<meta property=\"article:publisher\" content=\"https:\/\/www.facebook.com\/levai.cserepkalyha.epites\" \/>\n<meta property=\"article:published_time\" content=\"2019-08-31T08:09:59+00:00\" \/>\n<meta property=\"article:modified_time\" content=\"2019-08-31T08:20:20+00:00\" \/>\n<meta property=\"og:image\" content=\"https:\/\/www.kalyhaslaci.hu\/site\/wp-content\/uploads\/2019\/08\/kalyhaslaci.hu-kerti-konyha-tervezes-kivitelezes-korrekt-aron-2019.jpg\" \/>\n\t<meta property=\"og:image:width\" content=\"960\" \/>\n\t<meta property=\"og:image:height\" content=\"719\" \/>\n<meta name=\"twitter:card\" content=\"summary_large_image\" \/>\n<script type=\"application\/ld+json\" class=\"yoast-schema-graph\">{\"@context\":\"https:\/\/schema.org\",\"@graph\":[{\"@type\":\"Organization\",\"@id\":\"https:\/\/www.kalyhaslaci.hu\/site\/#organization\",\"name\":\"L\\u00e9vai cser\\u00e9pk\\u00e1lyha | kalyhaslaci.hu\",\"url\":\"https:\/\/www.kalyhaslaci.hu\/site\/\",\"sameAs\":[\"https:\/\/www.facebook.com\/levai.cserepkalyha.epites\",\"https:\/\/www.instagram.com\/kalyhaslaci\/\",\"https:\/\/www.linkedin.com\/in\/l\\u00e9vai-l\\u00e1szl\\u00f3-2161b3188\/\",\"https:\/\/www.youtube.com\/channel\/UCU4-NS9FYkFXKQvpbOHIWhg\",\"https:\/\/hu.pinterest.com\/kalyhaslaci\/\"],\"logo\":{\"@type\":\"ImageObject\",\"@id\":\"https:\/\/www.kalyhaslaci.hu\/site\/#logo\",\"inLanguage\":\"hu\",\"url\":\"https:\/\/www.kalyhaslaci.hu\/site\/wp-content\/uploads\/2019\/06\/cserepkalyha-keszites-logo-200x200px.png\",\"contentUrl\":\"https:\/\/www.kalyhaslaci.hu\/site\/wp-content\/uploads\/2019\/06\/cserepkalyha-keszites-logo-200x200px.png\",\"width\":140,\"height\":140,\"caption\":\"L\\u00e9vai cser\\u00e9pk\\u00e1lyha | kalyhaslaci.hu\"},\"image\":{\"@id\":\"https:\/\/www.kalyhaslaci.hu\/site\/#logo\"}},{\"@type\":\"WebSite\",\"@id\":\"https:\/\/www.kalyhaslaci.hu\/site\/#website\",\"url\":\"https:\/\/www.kalyhaslaci.hu\/site\/\",\"name\":\"kalyhaslaci.hu\",\"description\":\"L\\u00e9vai L\\u00e1szl\\u00f3: Min\\u0151s\\u00e9gi cser\\u00e9pk\\u00e1lyha, kandall\\u00f3, kemence, kerti konyha tervez\\u00e9s, \\u00e9p\\u00edt\\u00e9s, bont\\u00e1s, karbantart\\u00e1s | kalyhaslaci.hu\",\"publisher\":{\"@id\":\"https:\/\/www.kalyhaslaci.hu\/site\/#organization\"},\"potentialAction\":[{\"@type\":\"SearchAction\",\"target\":\"https:\/\/www.kalyhaslaci.hu\/site\/?s={search_term_string}\",\"query-input\":\"required name=search_term_string\"}],\"inLanguage\":\"hu\"},{\"@type\":\"ImageObject\",\"@id\":\"https:\/\/www.kalyhaslaci.hu\/site\/kerti-konya-kalyhaslaci-hu-modra\/#primaryimage\",\"inLanguage\":\"hu\",\"url\":\"https:\/\/www.kalyhaslaci.hu\/site\/wp-content\/uploads\/2019\/08\/kalyhaslaci.hu-kerti-konyha-tervezes-kivitelezes-korrekt-aron-2019.jpg\",\"contentUrl\":\"https:\/\/www.kalyhaslaci.hu\/site\/wp-content\/uploads\/2019\/08\/kalyhaslaci.hu-kerti-konyha-tervezes-kivitelezes-korrekt-aron-2019.jpg\",\"width\":960,\"height\":719},{\"@type\":\"WebPage\",\"@id\":\"https:\/\/www.kalyhaslaci.hu\/site\/kerti-konya-kalyhaslaci-hu-modra\/#webpage\",\"url\":\"https:\/\/www.kalyhaslaci.hu\/site\/kerti-konya-kalyhaslaci-hu-modra\/\",\"name\":\"Egy kis kertikonyha kalyhaslaci.hu m\\u00f3dra &raquo; K\\u00e1lyh\\u00e1s Laci\",\"isPartOf\":{\"@id\":\"https:\/\/www.kalyhaslaci.hu\/site\/#website\"},\"primaryImageOfPage\":{\"@id\":\"https:\/\/www.kalyhaslaci.hu\/site\/kerti-konya-kalyhaslaci-hu-modra\/#primaryimage\"},\"datePublished\":\"2019-08-31T08:09:59+00:00\",\"dateModified\":\"2019-08-31T08:20:20+00:00\",\"description\":\"Kerti konyha tervez\\u00e9st\\u0151l a kivitelez\\u00e9sig a megrendel\\u0151 ig\\u00e9nyei szerint korrekt \\u00e1ron r\\u00f6vid hat\\u00e1rid\\u0151vel. (tervez\\u00e9s, kivitelez\\u00e9s, kerti konyha, tan\\u00e1csad\\u00e1s)\",\"breadcrumb\":{\"@id\":\"https:\/\/www.kalyhaslaci.hu\/site\/kerti-konya-kalyhaslaci-hu-modra\/#breadcrumb\"},\"inLanguage\":\"hu\",\"potentialAction\":[{\"@type\":\"ReadAction\",\"target\":[\"https:\/\/www.kalyhaslaci.hu\/site\/kerti-konya-kalyhaslaci-hu-modra\/\"]}]},{\"@type\":\"BreadcrumbList\",\"@id\":\"https:\/\/www.kalyhaslaci.hu\/site\/kerti-konya-kalyhaslaci-hu-modra\/#breadcrumb\",\"itemListElement\":[{\"@type\":\"ListItem\",\"position\":1,\"name\":\"Home\",\"item\":\"https:\/\/www.kalyhaslaci.hu\/site\/\"},{\"@type\":\"ListItem\",\"position\":2,\"name\":\"Egy kis kertikonyha kalyhaslaci.hu m\\u00f3dra\"}]},{\"@type\":\"Article\",\"@id\":\"https:\/\/www.kalyhaslaci.hu\/site\/kerti-konya-kalyhaslaci-hu-modra\/#article\",\"isPartOf\":{\"@id\":\"https:\/\/www.kalyhaslaci.hu\/site\/kerti-konya-kalyhaslaci-hu-modra\/#webpage\"},\"author\":{\"@id\":\"https:\/\/www.kalyhaslaci.hu\/site\/#\/schema\/person\/457c878ae6dc8f17b89133b3c1e2ca21\"},\"headline\":\"Egy kis kertikonyha kalyhaslaci.hu m\\u00f3dra\",\"datePublished\":\"2019-08-31T08:09:59+00:00\",\"dateModified\":\"2019-08-31T08:20:20+00:00\",\"mainEntityOfPage\":{\"@id\":\"https:\/\/www.kalyhaslaci.hu\/site\/kerti-konya-kalyhaslaci-hu-modra\/#webpage\"},\"wordCount\":62,\"publisher\":{\"@id\":\"https:\/\/www.kalyhaslaci.hu\/site\/#organization\"},\"image\":{\"@id\":\"https:\/\/www.kalyhaslaci.hu\/site\/kerti-konya-kalyhaslaci-hu-modra\/#primaryimage\"},\"thumbnailUrl\":\"https:\/\/www.kalyhaslaci.hu\/site\/wp-content\/uploads\/2019\/08\/kalyhaslaci.hu-kerti-konyha-tervezes-kivitelezes-korrekt-aron-2019.jpg\",\"keywords\":[\"\\u00e9p\\u00edt\\u00e9s\",\"kivitelez\\u00e9s\",\"tervez\\u00e9s\"],\"articleSection\":[\"Blog\",\"H\\u00edrek\",\"Kerti konyha\"],\"inLanguage\":\"hu\"},{\"@type\":\"Person\",\"@id\":\"https:\/\/www.kalyhaslaci.hu\/site\/#\/schema\/person\/457c878ae6dc8f17b89133b3c1e2ca21\",\"name\":\"siteeditor69\",\"image\":{\"@type\":\"ImageObject\",\"@id\":\"https:\/\/www.kalyhaslaci.hu\/site\/#personlogo\",\"inLanguage\":\"hu\",\"url\":\"https:\/\/secure.gravatar.com\/avatar\/034e608571baf6dfab7e93a1c59ba972?s=96&d=mm&r=g\",\"contentUrl\":\"https:\/\/secure.gravatar.com\/avatar\/034e608571baf6dfab7e93a1c59ba972?s=96&d=mm&r=g\",\"caption\":\"siteeditor69\"},\"url\":\"https:\/\/www.kalyhaslaci.hu\/site\/author\/siteeditor69\/\"}]}<\/script>\n<!-- \/ Yoast SEO plugin. -->","_links":{"self":[{"href":"https:\/\/www.kalyhaslaci.hu\/site\/wp-json\/wp\/v2\/posts\/9589"}],"collection":[{"href":"https:\/\/www.kalyhaslaci.hu\/site\/wp-json\/wp\/v2\/posts"}],"about":[{"href":"https:\/\/www.kalyhaslaci.hu\/site\/wp-json\/wp\/v2\/types\/post"}],"author":[{"embeddable":true,"href":"https:\/\/www.kalyhaslaci.hu\/site\/wp-json\/wp\/v2\/users\/1"}],"replies":[{"embeddable":true,"href":"https:\/\/www.kalyhaslaci.hu\/site\/wp-json\/wp\/v2\/comments?post=9589"}],"version-history":[{"count":3,"href":"https:\/\/www.kalyhaslaci.hu\/site\/wp-json\/wp\/v2\/posts\/9589\/revisions"}],"predecessor-version":[{"id":9594,"href":"https:\/\/www.kalyhaslaci.hu\/site\/wp-json\/wp\/v2\/posts\/9589\/revisions\/9594"}],"wp:featuredmedia":[{"embeddable":true,"href":"https:\/\/www.kalyhaslaci.hu\/site\/wp-json\/wp\/v2\/media\/9591"}],"wp:attachment":[{"href":"https:\/\/www.kalyhaslaci.hu\/site\/wp-json\/wp\/v2\/media?parent=9589"}],"wp:term":[{"taxonomy":"category","embeddable":true,"href":"https:\/\/www.kalyhaslaci.hu\/site\/wp-json\/wp\/v2\/categories?post=9589"},{"taxonomy":"post_tag","embeddable":true,"href":"https:\/\/www.kalyhaslaci.hu\/site\/wp-json\/wp\/v2\/tags?post=9589"}],"curies":[{"name":"wp","href":"https:\/\/api.w.org\/{rel}","templated":true}]}}